{"id":280569,"date":"2023-09-10T16:44:57","date_gmt":"2023-09-10T22:44:57","guid":{"rendered":"https:\/\/plazajuarez.mx\/?p=280569"},"modified":"2023-09-11T14:23:38","modified_gmt":"2023-09-11T20:23:38","slug":"festival-arre-consuma-el-poder-de-la-musica-regional-mexicana-para-unir-generaciones","status":"publish","type":"post","link":"https:\/\/plazajuarez.mx\/historico\/festival-arre-consuma-el-poder-de-la-musica-regional-mexicana-para-unir-generaciones\/","title":{"rendered":"Festival Arre consuma el poder de la m\u00fasica regional mexicana para unir generaciones"},"content":{"rendered":"\n<p>El Festival Arre demuestra este fin de semana en Ciudad de M\u00e9xico el poder que tiene la m\u00fasica regional mexicana, que vive un momento de \u00e9xito internacional, para unir a diferentes generaciones y no dejar que la tradici\u00f3n -a veces con elementos de renovaci\u00f3n- muera.<\/p>\n\n\n\n<p>Miles de personas, la mayor\u00eda ataviada con sombrero, se re\u00fanen este fin de semana en este evento, el primero de su tipo en agrupar a muchos de los artistas del momento de este g\u00e9nero que est\u00e1 acaparando los primeros lugares en las listas mundiales de \u00e9xitos, como Natanael Cano, Peso Pluma, Marca MP, DannyLux, Alicia Villarreal, Los Cadetes de Linares o Caballo Dorado.<\/p>\n\n\n\n<p>Un ambicioso cartel que logr\u00f3 un festival multitudinario lleno de ambientes y espacios diversos, como una zona de baile, atrezo de tem\u00e1tica ranchera, tres escenarios y actitudes m\u00faltiples que conectaban a trav\u00e9s del amor a M\u00e9xico, por su m\u00fasica y por sus tradiciones.<\/p>\n\n\n\n<p>\u201cEs un festival muy atinado\u201d, coment\u00f3 en una entrevista con EFE Adriana, quien acudi\u00f3 al evento con su marido Ricardo, ambos procedentes del norte\u00f1o estado de Durango pero afincados en M\u00e9xico y quienes aseguraron que les cost\u00f3 elegir a que conciertos ir dentro del festival por tener un cartel tan completo.<\/p>\n\n\n\n<p>Ricardo asegur\u00f3 que viendo a Dannylux, cantante de corridos tumbados de 19 a\u00f1os, se dio cuenta de que el \u00e9xito de los corridos tumbados reside en que \u201ccantan a las generaciones m\u00e1s j\u00f3venes\u201d usando tem\u00e1ticas que conectan m\u00e1s con los m\u00e1s j\u00f3venes pero usando sonidos de la m\u00fasica de banda, los corridos tradicionales o el sierre\u00f1o.<\/p>\n\n\n\n<p>\u201cEs por eso tambi\u00e9n que me gusta, as\u00ed nos unimos (las personas de diferentes generaciones de su familia) a poder escuchar una misma m\u00fasica, no yo reggaeton y ellos banda\u201d, dijo a EFE Kimberly, de 20 a\u00f1os, quien dijo que el s\u00e1bado lo que quer\u00eda era ver a Natanael Cano, el creador de los corridos tumbados, una de las figuras de referencia para los j\u00f3venes mexicanos.<\/p>\n\n\n\n<p>Nueva vida a la m\u00fasica regional<\/p>\n\n\n\n<p>Adem\u00e1s, Cano fue el encargado, junto con otros, de darle una nueva vida a la m\u00fasica regional mexicana, que es muy diversa y que vive un momento de esplendor gracias a la renovaci\u00f3n.<\/p>\n\n\n\n<p>Dar\u00edo y Camilo, de 15 y 14 a\u00f1os respectivamente, decidieron venir al festival para disfrutar de sus \u00eddolos y aseguraron a EFE que, aunque hab\u00edan ido a m\u00e1s festivales, esta vez estaban especialmente emocionados, por ver a Cano.<\/p>\n\n\n\n<p>As\u00ed tambi\u00e9n Jared y Emilio, de 21 y 20 a\u00f1os. \u201cPor Nata (Natanael Cano) fue que le empec\u00e9 a agarrar gusto a este g\u00e9nero musical\u201d, dijo Emilio.<\/p>\n\n\n\n<p>Artistas como Cano, Peso Pluma, Gabito Ballesteros, Justin Morales o Yahritza y Su Esencia, todos muy j\u00f3venes, representan la idea de que con trabajo se pueden lograr las metas.<\/p>\n\n\n\n<p>\u201c(Cano) Nos identifica como mexicanos. El empez\u00f3 desde abajo, era estudiante y en el sal\u00f3n andaba escribiendo sus canciones\u201d, dijo Jared, y Emilio le dio la raz\u00f3n: \u201cNos inspira a echarle ganas, \u00e9l le ech\u00f3 ganas de morro y ahora est\u00e1 en lo m\u00e1s alto\u201d.<\/p>\n\n\n\n<p>Adriana y Ricardo dijeron que, aunque ten\u00edan sus favoritos como Caballo Dorado o Alicia Villarreal, disfrutan de escuchar otras propuestas.<\/p>\n\n\n\n<p>Y es que ese es el esp\u00edritu que tiene el Festival Arre al agrupar a los grandes exponentes del regional mexicano, un g\u00e9nero diverso y que engloba numerosos estilos, dando as\u00ed la posibilidad al p\u00fablico de descubrir nuevos artistas y de dejarse sorprender.<\/p>\n\n\n\n<p>Es el caso de Hugo, de 30 a\u00f1os, quien dijo a EFE que \u201cquer\u00eda vivir en carne propia la experiencia de esta m\u00fasica que est\u00e1 tomando las riendas del mundo musical y est\u00e1 representando a M\u00e9xico\u201d.<\/p>\n\n\n\n<p>A pesar de no ser hasta entonces muy seguidor de los cabezas de cartel del evento, dijo haber entendido lo positivo de que personas tan j\u00f3venes est\u00e9n tocando en un festival tan grande: \u201cInspiran a las nuevas generaciones a crear lo que quieran crear\u201d.<\/p>\n\n\n\n<p>Despu\u00e9s de un s\u00e1bado multitudinario, se espera este domingo el broche de oro con el concierto a medianoche del cantante Peso Pluma, un \u00eddolo de masas que ha logrado que M\u00e9xico llegue a m\u00faltiples lugares del mundo a trav\u00e9s de su m\u00fasica.<\/p>\n","protected":false},"excerpt":{"rendered":"<p>El Festival Arre demuestra este fin de semana en Ciudad de M\u00e9xico el poder que tiene la m\u00fasica regional mexicana, que vive un momento de \u00e9xito internacional, para unir a diferentes generaciones y no dejar que la tradici\u00f3n -a veces con elementos de renovaci\u00f3n- muera. Miles de personas, la mayor\u00eda ataviada con sombrero, se re\u00fanen [&hellip;]<\/p>\n","protected":false},"author":80,"featured_media":280571,"comment_status":"closed","ping_status":"closed","sticky":false,"template":"","format":"standard","meta":{"footnotes":""},"categories":[38],"tags":[],"class_list":["post-280569","post","type-post","status-publish","format-standard","has-post-thumbnail","hentry","category-show"],"_links":{"self":[{"href":"https:\/\/plazajuarez.mx\/historico\/wp-json\/wp\/v2\/posts\/280569","targetHints":{"allow":["GET"]}}],"collection":[{"href":"https:\/\/plazajuarez.mx\/historico\/wp-json\/wp\/v2\/posts"}],"about":[{"href":"https:\/\/plazajuarez.mx\/historico\/wp-json\/wp\/v2\/types\/post"}],"author":[{"embeddable":true,"href":"https:\/\/plazajuarez.mx\/historico\/wp-json\/wp\/v2\/users\/80"}],"replies":[{"embeddable":true,"href":"https:\/\/plazajuarez.mx\/historico\/wp-json\/wp\/v2\/comments?post=280569"}],"version-history":[{"count":0,"href":"https:\/\/plazajuarez.mx\/historico\/wp-json\/wp\/v2\/posts\/280569\/revisions"}],"wp:featuredmedia":[{"embeddable":true,"href":"https:\/\/plazajuarez.mx\/historico\/wp-json\/wp\/v2\/media\/280571"}],"wp:attachment":[{"href":"https:\/\/plazajuarez.mx\/historico\/wp-json\/wp\/v2\/media?parent=280569"}],"wp:term":[{"taxonomy":"category","embeddable":true,"href":"https:\/\/plazajuarez.mx\/historico\/wp-json\/wp\/v2\/categories?post=280569"},{"taxonomy":"post_tag","embeddable":true,"href":"https:\/\/plazajuarez.mx\/historico\/wp-json\/wp\/v2\/tags?post=280569"}],"curies":[{"name":"wp","href":"https:\/\/api.w.org\/{rel}","templated":true}]}}