{"id":28055,"date":"2016-09-08T14:32:26","date_gmt":"2016-09-08T14:32:26","guid":{"rendered":"http:\/\/plazajuarez.mx\/index\/index.php\/2016\/09\/08\/merkel-pide-unidad-contra-populismo-de-derechas\/"},"modified":"2016-09-08T14:32:26","modified_gmt":"2016-09-08T14:32:26","slug":"merkel-pide-unidad-contra-populismo-de-derechas","status":"publish","type":"post","link":"https:\/\/plazajuarez.mx\/historico\/merkel-pide-unidad-contra-populismo-de-derechas\/","title":{"rendered":"Merkel pide unidad contra populismo de derechas"},"content":{"rendered":"<p>\u2022\u00a0\u00a0\u00a0 La canciller encomi\u00f3 a todas las fuerzas pol\u00edticas a &#8220;moderar el lenguaje&#8221; y no caer en una guerra partidista con fines electorales<\/p>\n<p>  <!--more-->  <\/p>\n<p>&#8220;Si Turqu\u00eda viola los derechos humanos, se dice por su nombre. Y si un golpe de Estado fracasa, tambi\u00e9n decimos que es bueno que fracas\u00f3&#8221;, apostill\u00f3 Merkel, acusada de haber convertido a Alemania en reh\u00e9n de Turqu\u00eda ante la imposibilidad de frenar por s\u00ed sola la llegada de refugiados al pa\u00eds.<br \/>El avance de la formaci\u00f3n populista de derechas Alternativa para Alemania (AfD), partido que con las elecciones celebradas el pasado domingo en Mecklemburgo-Antepomerania ampl\u00eda su presencia a nueve de los diecis\u00e9is Laender alemanes, es responsabilidad de todas las fuerzas parlamentarias y no s\u00f3lo de la Uni\u00f3n Cristianodem\u00f3crata (CDU), a la que super\u00f3 en votos.<br \/>Eso es lo que dijo la canciller Angela Merkel en una alocuci\u00f3n ante el Bundestag con motivo del debate sobre los presupuestos para el pr\u00f3ximo a\u00f1o, y en la que advirti\u00f3 que el populismo de AfD es un &#8220;desaf\u00edo&#8221; para todos pues el trasvase de votos a esa formaci\u00f3n proviene de todos los flancos.<br \/>Merkel encomi\u00f3 por ello a todas las fuerzas pol\u00edticas a &#8220;moderar el lenguaje&#8221; y no caer en una guerra partidista con fines electorales, pues &#8220;para recuperar la confianza de la ciudadan\u00eda e impedir el triunfo de quienes recurren a esl\u00f3ganes y respuestas f\u00e1ciles, hay que decir la verdad&#8221;<br \/>Y la verdad es que &#8220;estamos mucho mejor que hace un a\u00f1o&#8221; subray\u00f3 Merkel, que hizo un repaso de las medidas adoptadas por su gobierno para afrontar la crisis de los refugiados, reducir el n\u00famero de llegadas, agilizar la expulsi\u00f3n de quienes no tienen derecho al asilo y abrir las puertas a la integraci\u00f3n.<br \/>Merkel refiri\u00f3 al muy criticado acuerdo sobre refugiados entre la UE y Turqu\u00eda para hacer una defensa del mismo sin tapujos y no s\u00f3lo porque &#8220;Turqu\u00eda es el pa\u00eds que est\u00e1 controlando nuestras fronteras&#8221; sino porque desde la entrada en vigor de ese pacto &#8220;pr\u00e1cticamente no se ha muerto ahogado nadie en el Mar Egeo&#8221;.<\/p>\n","protected":false},"excerpt":{"rendered":"<p>\u2022\u00a0\u00a0\u00a0 La canciller encomi\u00f3 a todas las fuerzas pol\u00edticas a &#8220;moderar el lenguaje&#8221; y no caer en una guerra partidista con fines electorales<\/p>\n","protected":false},"author":93,"featured_media":0,"comment_status":"open","ping_status":"open","sticky":false,"template":"","format":"standard","meta":{"footnotes":""},"categories":[31],"tags":[],"class_list":["post-28055","post","type-post","status-publish","format-standard","hentry","category-orbe"],"_links":{"self":[{"href":"https:\/\/plazajuarez.mx\/historico\/wp-json\/wp\/v2\/posts\/28055","targetHints":{"allow":["GET"]}}],"collection":[{"href":"https:\/\/plazajuarez.mx\/historico\/wp-json\/wp\/v2\/posts"}],"about":[{"href":"https:\/\/plazajuarez.mx\/historico\/wp-json\/wp\/v2\/types\/post"}],"author":[{"embeddable":true,"href":"https:\/\/plazajuarez.mx\/historico\/wp-json\/wp\/v2\/users\/93"}],"replies":[{"embeddable":true,"href":"https:\/\/plazajuarez.mx\/historico\/wp-json\/wp\/v2\/comments?post=28055"}],"version-history":[{"count":0,"href":"https:\/\/plazajuarez.mx\/historico\/wp-json\/wp\/v2\/posts\/28055\/revisions"}],"wp:attachment":[{"href":"https:\/\/plazajuarez.mx\/historico\/wp-json\/wp\/v2\/media?parent=28055"}],"wp:term":[{"taxonomy":"category","embeddable":true,"href":"https:\/\/plazajuarez.mx\/historico\/wp-json\/wp\/v2\/categories?post=28055"},{"taxonomy":"post_tag","embeddable":true,"href":"https:\/\/plazajuarez.mx\/historico\/wp-json\/wp\/v2\/tags?post=28055"}],"curies":[{"name":"wp","href":"https:\/\/api.w.org\/{rel}","templated":true}]}}