{"id":28052,"date":"2016-09-08T14:30:15","date_gmt":"2016-09-08T14:30:15","guid":{"rendered":"http:\/\/plazajuarez.mx\/index\/index.php\/2016\/09\/08\/pgjeh-activa-cuenta-oficial-de-alerta-amber\/"},"modified":"2016-09-08T14:30:15","modified_gmt":"2016-09-08T14:30:15","slug":"pgjeh-activa-cuenta-oficial-de-alerta-amber","status":"publish","type":"post","link":"https:\/\/plazajuarez.mx\/historico\/pgjeh-activa-cuenta-oficial-de-alerta-amber\/","title":{"rendered":"PGJEH ACTIVA CUENTA OFICIAL DE ALERTA AMBER"},"content":{"rendered":"<p>PACHUCA<\/p>\n<p>  <!--more-->  <\/p>\n<p>Una de las razones por las cuales M\u00e9xico fue elegido para la activaci\u00f3n de esta herramienta es por los exitosos resultados que ha tenido Alerta AMBER <\/p>\n<p>La Procuradur\u00eda General de Justicia del Estado de Hidalgo (PGJEH), implement\u00f3 la cuenta oficial de Alerta AMBER para la red social Facebook, inform\u00f3 el procurador general Javier Lara Salinas, quien explic\u00f3 que \u201chabremos de usar estos canales de comunicaci\u00f3n para mantener cercan\u00eda con la sociedad como lo ha instruido el gobernador Omar Fayad Meneses\u201d.<\/p>\n<p>Explic\u00f3 que \u201csabemos de la importancia de este mecanismo de b\u00fasqueda y localizaci\u00f3n y ahora que Facebook adecua sus pol\u00edticas trav\u00e9s de una alianza entre la Procuradur\u00eda General de la Rep\u00fablica (PGR) y la red social, ahora la Alerta AMBER podr\u00e1 ser activada como herramienta para la b\u00fasqueda de menores extraviados en M\u00e9xico desde la plataforma de la tecnolog\u00eda\u201d.<\/p>\n<p>Refiri\u00f3 el reciente caso de una menor encontrada en Omitl\u00e1n donde Alerta AMBER influy\u00f3 en la b\u00fasqueda pero tambi\u00e9n \u201ccuando se realiza una b\u00fasqueda sin la informaci\u00f3n adecuada a trav\u00e9s de redes sociales vemos muchos rumores que est\u00e1n alejados de la realidad o que son francamente falsos, como el del presunto secuestro de la menor\u201d.<\/p>\n<p>El Procurador refiri\u00f3 que \u201cse mantiene la cuenta de Twitter y ahora a\u00f1adimos la de Facebook para aprovechar la plataforma tecnol\u00f3gica y dar un mejor servicio a la sociedad, pues por la capacidad de usuarios que tiene esta plataforma podr\u00e1 ofrecer grandes resultados en tiempo real, adem\u00e1s de que resulta m\u00e1s f\u00e1cil que se difunda la informaci\u00f3n a trav\u00e9s de la herramienta\u201d, destac\u00f3.<\/p>\n<p>Una de las razones por las cuales M\u00e9xico fue elegido para la activaci\u00f3n de esta herramienta es por los exitosos resultados que ha tenido Alerta AMBER, as\u00ed como los 65 millones de usuarios de internet, de los cuales 79% utiliza las redes sociales, principalmente Facebook.<\/p>\n<p>\u201cLa instrucci\u00f3n precisa que nos ha dado el gobernador Omar Fayad; es implementar un mecanismo \u00e1gil y eficiente que coadyuve a la pronta recuperaci\u00f3n de ni\u00f1as, ni\u00f1os y adolescentes con estricto apego al inter\u00e9s superior de la ni\u00f1ez y salvaguarda de sus derechos humanos\u201d, explic\u00f3.<\/p>\n<p>Tambi\u00e9n, establecer los mecanismos de coordinaci\u00f3n, con la PGJ de cada una de las 32 entidades federativas, para facilitar el intercambio de informaci\u00f3n institucional y las herramientas tecnol\u00f3gicas para la b\u00fasqueda, localizaci\u00f3n y pronta recuperaci\u00f3n de las ni\u00f1as, ni\u00f1os y adolescentes.<\/p>\n<p>Finalmente, la cuenta oficial de Alerta AMBER en Hidalgo es la p\u00e1gina https:\/\/www.facebook.com\/Alerta-AMBER-Hidalgo-314376975593832\/?notif_t=page_invite_accepted&amp;notif_id=1473263121095514 la cual podr\u00e1n ubicar en las redes sociales y p\u00e1gina web de la PGJEH y la cuenta de Twitter que es @AAMBER_hgo.<\/p>\n","protected":false},"excerpt":{"rendered":"<p>PACHUCA<\/p>\n","protected":false},"author":93,"featured_media":0,"comment_status":"open","ping_status":"open","sticky":false,"template":"","format":"standard","meta":{"footnotes":""},"categories":[37],"tags":[],"class_list":["post-28052","post","type-post","status-publish","format-standard","hentry","category-barandilla"],"_links":{"self":[{"href":"https:\/\/plazajuarez.mx\/historico\/wp-json\/wp\/v2\/posts\/28052","targetHints":{"allow":["GET"]}}],"collection":[{"href":"https:\/\/plazajuarez.mx\/historico\/wp-json\/wp\/v2\/posts"}],"about":[{"href":"https:\/\/plazajuarez.mx\/historico\/wp-json\/wp\/v2\/types\/post"}],"author":[{"embeddable":true,"href":"https:\/\/plazajuarez.mx\/historico\/wp-json\/wp\/v2\/users\/93"}],"replies":[{"embeddable":true,"href":"https:\/\/plazajuarez.mx\/historico\/wp-json\/wp\/v2\/comments?post=28052"}],"version-history":[{"count":0,"href":"https:\/\/plazajuarez.mx\/historico\/wp-json\/wp\/v2\/posts\/28052\/revisions"}],"wp:attachment":[{"href":"https:\/\/plazajuarez.mx\/historico\/wp-json\/wp\/v2\/media?parent=28052"}],"wp:term":[{"taxonomy":"category","embeddable":true,"href":"https:\/\/plazajuarez.mx\/historico\/wp-json\/wp\/v2\/categories?post=28052"},{"taxonomy":"post_tag","embeddable":true,"href":"https:\/\/plazajuarez.mx\/historico\/wp-json\/wp\/v2\/tags?post=28052"}],"curies":[{"name":"wp","href":"https:\/\/api.w.org\/{rel}","templated":true}]}}