{"id":28051,"date":"2016-09-08T14:30:01","date_gmt":"2016-09-08T14:30:01","guid":{"rendered":"http:\/\/plazajuarez.mx\/index\/index.php\/2016\/09\/08\/padres-de-familia-se-manifiestan-por-falta-de-libros-en-escuelas\/"},"modified":"2016-09-08T14:30:01","modified_gmt":"2016-09-08T14:30:01","slug":"padres-de-familia-se-manifiestan-por-falta-de-libros-en-escuelas","status":"publish","type":"post","link":"https:\/\/plazajuarez.mx\/historico\/padres-de-familia-se-manifiestan-por-falta-de-libros-en-escuelas\/","title":{"rendered":"PADRES DE FAMILIA SE MANIFIESTAN POR FALTA DE LIBROS EN ESCUELAS"},"content":{"rendered":"<p>TEZONTEPEC DE ALDAMA <\/p>\n<p>  <!--more-->  <\/p>\n<p>Los inconformes manifestaron que tal hecho derivaba a que los menores que estudian en dicha instituci\u00f3n no hab\u00edan recibido los libros correspondientes al nuevo ciclo escolar que dio inicio hace tres semanas<\/p>\n<p>Al mediod\u00eda del d\u00eda de ayer mi\u00e9rcoles, padres de familia del escuela Vicente Guerrero de la comunidad de Tenango perteneciente al municipio de Tezontepec de Aldama, se manifestaron bloqueando una de las principales arterias estatales que conducen a Mixquiahuala-Tlahuelilpan, a la altura de lugar conocidos como \u201cLos hoyos\u201d.<br \/>Los inconformes manifestaron que tal hecho derivaba a que los menores que estudian en dicha instituci\u00f3n no hab\u00edan recibido los libros correspondientes al nuevo ciclo escolar que dio inicio hace tres semanas.<br \/>Al lugar arrib\u00f3 el profesor Octaviano \u00c1ngeles L\u00f3pez, subdirector de servicios regionales de educaci\u00f3n en el municipio de Tula; encargado de la distribuci\u00f3n de los libros de las escuelas de educaci\u00f3n b\u00e1sica en la regi\u00f3n, argumentando a los padres que existi\u00f3 insuficiencia de libros y no s\u00f3lo en Hidalgo sino a nivel nacional, por tal motivo la falta del material educativo.<br \/>Sin embargo los manifestantes siguieron con el bloqueo carretero hasta que se les diera pronta soluci\u00f3n, pues el pasado 2 septiembre se les har\u00eda la entrega del material, mismo que nunca se dio y no estaban dispuestos a que sus hijos continuaran sin libros. <br \/>Finalmente el subdirector de servicios regionales de educaci\u00f3n, hizo la entrega de los libros correspondientes al nuevo ciclo escolar al comit\u00e9 de padres de familia, pues m\u00e1s personas ahora de la escuela de Santiago Acayutlan se daban cita en el lugar para continuar con el bloqueo. <br \/>Con esto fue retirado el bloqueo.<\/p>\n","protected":false},"excerpt":{"rendered":"<p>TEZONTEPEC DE ALDAMA<\/p>\n","protected":false},"author":93,"featured_media":0,"comment_status":"open","ping_status":"open","sticky":false,"template":"","format":"standard","meta":{"footnotes":""},"categories":[37],"tags":[],"class_list":["post-28051","post","type-post","status-publish","format-standard","hentry","category-barandilla"],"_links":{"self":[{"href":"https:\/\/plazajuarez.mx\/historico\/wp-json\/wp\/v2\/posts\/28051","targetHints":{"allow":["GET"]}}],"collection":[{"href":"https:\/\/plazajuarez.mx\/historico\/wp-json\/wp\/v2\/posts"}],"about":[{"href":"https:\/\/plazajuarez.mx\/historico\/wp-json\/wp\/v2\/types\/post"}],"author":[{"embeddable":true,"href":"https:\/\/plazajuarez.mx\/historico\/wp-json\/wp\/v2\/users\/93"}],"replies":[{"embeddable":true,"href":"https:\/\/plazajuarez.mx\/historico\/wp-json\/wp\/v2\/comments?post=28051"}],"version-history":[{"count":0,"href":"https:\/\/plazajuarez.mx\/historico\/wp-json\/wp\/v2\/posts\/28051\/revisions"}],"wp:attachment":[{"href":"https:\/\/plazajuarez.mx\/historico\/wp-json\/wp\/v2\/media?parent=28051"}],"wp:term":[{"taxonomy":"category","embeddable":true,"href":"https:\/\/plazajuarez.mx\/historico\/wp-json\/wp\/v2\/categories?post=28051"},{"taxonomy":"post_tag","embeddable":true,"href":"https:\/\/plazajuarez.mx\/historico\/wp-json\/wp\/v2\/tags?post=28051"}],"curies":[{"name":"wp","href":"https:\/\/api.w.org\/{rel}","templated":true}]}}