{"id":28049,"date":"2016-09-08T14:29:27","date_gmt":"2016-09-08T14:29:27","guid":{"rendered":"http:\/\/plazajuarez.mx\/index\/index.php\/2016\/09\/08\/se-activa-alerta-amber-hidalgo\/"},"modified":"2016-09-08T14:29:27","modified_gmt":"2016-09-08T14:29:27","slug":"se-activa-alerta-amber-hidalgo","status":"publish","type":"post","link":"https:\/\/plazajuarez.mx\/historico\/se-activa-alerta-amber-hidalgo\/","title":{"rendered":"SE ACTIVA ALERTA AMBER HIDALGO"},"content":{"rendered":"<p>Solicitamos su atenci\u00f3n y difusi\u00f3n en la presente activaci\u00f3n de Alerta Amber Hidalgo en favor de la menor Arlette Esmeralda Salvador Sol\u00eds, de 14 a\u00f1os.<\/p>\n<p>  <!--more-->  <\/p>\n<p>Los padres de la menor refieren que sali\u00f3 de su domicilio a las 07:00 horas con destino a la Telesecundaria donde es alumna, y nunca lleg\u00f3.<\/p>\n","protected":false},"excerpt":{"rendered":"<p>Solicitamos su atenci\u00f3n y difusi\u00f3n en la presente activaci\u00f3n de Alerta Amber Hidalgo en favor de la menor Arlette Esmeralda Salvador Sol\u00eds, de 14 a\u00f1os.<\/p>\n","protected":false},"author":93,"featured_media":0,"comment_status":"open","ping_status":"open","sticky":false,"template":"","format":"standard","meta":{"footnotes":""},"categories":[37],"tags":[],"class_list":["post-28049","post","type-post","status-publish","format-standard","hentry","category-barandilla"],"_links":{"self":[{"href":"https:\/\/plazajuarez.mx\/historico\/wp-json\/wp\/v2\/posts\/28049","targetHints":{"allow":["GET"]}}],"collection":[{"href":"https:\/\/plazajuarez.mx\/historico\/wp-json\/wp\/v2\/posts"}],"about":[{"href":"https:\/\/plazajuarez.mx\/historico\/wp-json\/wp\/v2\/types\/post"}],"author":[{"embeddable":true,"href":"https:\/\/plazajuarez.mx\/historico\/wp-json\/wp\/v2\/users\/93"}],"replies":[{"embeddable":true,"href":"https:\/\/plazajuarez.mx\/historico\/wp-json\/wp\/v2\/comments?post=28049"}],"version-history":[{"count":0,"href":"https:\/\/plazajuarez.mx\/historico\/wp-json\/wp\/v2\/posts\/28049\/revisions"}],"wp:attachment":[{"href":"https:\/\/plazajuarez.mx\/historico\/wp-json\/wp\/v2\/media?parent=28049"}],"wp:term":[{"taxonomy":"category","embeddable":true,"href":"https:\/\/plazajuarez.mx\/historico\/wp-json\/wp\/v2\/categories?post=28049"},{"taxonomy":"post_tag","embeddable":true,"href":"https:\/\/plazajuarez.mx\/historico\/wp-json\/wp\/v2\/tags?post=28049"}],"curies":[{"name":"wp","href":"https:\/\/api.w.org\/{rel}","templated":true}]}}