{"id":28046,"date":"2016-09-08T14:27:01","date_gmt":"2016-09-08T14:27:01","guid":{"rendered":"http:\/\/plazajuarez.mx\/index\/index.php\/2016\/09\/08\/recibe-alcaldesa-la-administracion-en-pesimas-condiciones\/"},"modified":"2016-09-08T14:27:01","modified_gmt":"2016-09-08T14:27:01","slug":"recibe-alcaldesa-la-administracion-en-pesimas-condiciones","status":"publish","type":"post","link":"https:\/\/plazajuarez.mx\/historico\/recibe-alcaldesa-la-administracion-en-pesimas-condiciones\/","title":{"rendered":"Recibe alcaldesa la administraci\u00f3n en p\u00e9simas condiciones"},"content":{"rendered":"<p>Acaxochitl\u00e1n <\/p>\n<p>\u25cf\u00a0\u00a0\u00a0 Un desorden total dej\u00f3 su primo, el ex presidente municipal<br \/>\u00a0\u00a0\u00a0 \u00a0\u00a0\u00a0 <\/p>\n<p>  <!--more-->  <\/p>\n<p>La presidenta municipal de Acaxochitl\u00e1n, Roc\u00edo Jacqueline Sosa, inform\u00f3 que recibe una administraci\u00f3n en p\u00e9simas condiciones, con desorden total; lo cual sustent\u00f3 con fotograf\u00edas de que daban muestra, por ejemplo, de que el parque vehicular est\u00e1 pr\u00e1cticamente inservible.<\/p>\n<p>Ante esta situaci\u00f3n, la alcaldesa pidi\u00f3 a la poblaci\u00f3n tener paciencia y esperar a que se mejoren las cosas ya que asegur\u00f3, ella y su equipo trabajar\u00e1n intensamente para corregir lo que est\u00e1 tan mal y que afecta directamente a la ciudadan\u00eda.\u00a0\u00a0\u00a0\u00a0\u00a0\u00a0 <\/p>\n<p>Sin ofrecer mayores detalles, adelant\u00f3 que cada situaci\u00f3n que sea observada en el proceso de entrega recepci\u00f3n de la administraci\u00f3n, ser\u00e1 dada a conocer puntualmente durante los siguientes d\u00edas.\u00a0\u00a0\u00a0\u00a0 <\/p>\n<p>\u201cSer\u00e1 una administraci\u00f3n que actuar\u00e1 en el marco de la ley, transparente, de excelentes resultados y de rendici\u00f3n de cuentas, al mismo tiempo incluyente y respetuosa de la pluralidad\u201d, dijo la primera presidenta municipal en la historia de este municipio.<\/p>\n<p>\u201cEstoy segura que har\u00e9 historia, siendo la primer presidenta municipal, porque si algo tenemos las mujeres es luchar por conseguir lo que nos proponemos; reconociendo y respetando a los hombres, quienes me dieron la oportunidad de\u00a0 encabezar este gran proyecto para lograr el crecimiento de este gran municipio\u201d precis\u00f3 la alcaldesa.<\/p>\n<p>Sin embargo, ante la situaci\u00f3n de las condiciones en que recibe la presidencia, por parte de su primo, Erick Sosa Campos, ex presidente municipal; pidi\u00f3 a la poblaci\u00f3n tener paciencia.<\/p>\n<p>PRESENTA PRIMEROS FUNCIONARIOS <\/p>\n<p>Por otra parte, durante sus primeras horas como presidenta municipal de Acaxochitl\u00e1n, Sosa Jim\u00e9nez dio a conocer los primeros nombramientos de directores de \u00e1rea, quienes a partir del martes tomaron posesi\u00f3n de sus cargos.<\/p>\n<p>De acuerdo a lo mencionado por la presidenta municipal, Jorge Licona Rosales ocupar\u00e1 el cargo de secretario municipal; Mar\u00eda de los \u00c1ngeles Cuevas Aguilar ser\u00e1 la titular de Desarrollo Social; Erick Carbajal Romo se desempe\u00f1ar\u00e1 como director de Obras P\u00fablicas; Jorge Luis Jim\u00e9nez en la Direcci\u00f3n de Planeaci\u00f3n; mientras que en la direcci\u00f3n del DIF municipal fungir\u00e1 como titular Samuel Sosa Jim\u00e9nez.<\/p>\n<p>Como tesorera municipal fue nombrada Julieta Hern\u00e1ndez Islas; Nelly M\u00e1rquez Licona en la Direcci\u00f3n de Desarrollo Econ\u00f3mico; Gustavo Perea Romo estar\u00e1 a cargo del Registro Civil; \u00d3scar Vega Riveros, oficial mayor; Jos\u00e9 Pedro Reyes Mimila es el nuevo director de Seguridad P\u00fablica y, Jos\u00e9 Arubi Flores Torres director de Protecci\u00f3n Civil.<\/p>\n<p>Antes de otorgar los cargos mencionados, Roc\u00edo Jaqueline exhort\u00f3 a los funcionarios p\u00fablicos nombrados a conducirse en un marco de respeto y humildad con la ciudadan\u00eda; pues precis\u00f3 tener un compromiso fundamental con sus gobernados, de proporcionarles trato humano y sobre todo, de humildad,<\/p>\n<p>\u201cQuienes se lleguen a comportar con prepotencia, ser\u00e1n despedidos, porque es mejor quedar bien con el pueblo que con una sola persona\u201d, enfatiz\u00f3.<\/p>\n<p>Finalmente, Sosa Jim\u00e9nez pidi\u00f3 a sus colaboradores a sumarse en un ambiente de trabajo de equipo; subray\u00f3 que es amiga de todos y a la vez pidi\u00f3 respeto a su investidura.<\/p>\n<p>Cabe mencionar que en los pr\u00f3ximos d\u00edas se ir\u00e1n conformando, con el personal adecuado, todas las \u00e1reas de la administraci\u00f3n de gobierno; y reafirm\u00f3 que se dar\u00e1 atenci\u00f3n a la poblaci\u00f3n en d\u00edas h\u00e1biles y dos domingos de cada mes.<br \/>\u00a0<\/p>\n","protected":false},"excerpt":{"rendered":"<p>Acaxochitl\u00e1n \u25cf\u00a0\u00a0\u00a0 Un desorden total dej\u00f3 su primo, el ex presidente municipal\u00a0\u00a0\u00a0 \u00a0\u00a0\u00a0<\/p>\n","protected":false},"author":93,"featured_media":0,"comment_status":"open","ping_status":"open","sticky":false,"template":"","format":"standard","meta":{"footnotes":""},"categories":[40],"tags":[],"class_list":["post-28046","post","type-post","status-publish","format-standard","hentry","category-region"],"_links":{"self":[{"href":"https:\/\/plazajuarez.mx\/historico\/wp-json\/wp\/v2\/posts\/28046","targetHints":{"allow":["GET"]}}],"collection":[{"href":"https:\/\/plazajuarez.mx\/historico\/wp-json\/wp\/v2\/posts"}],"about":[{"href":"https:\/\/plazajuarez.mx\/historico\/wp-json\/wp\/v2\/types\/post"}],"author":[{"embeddable":true,"href":"https:\/\/plazajuarez.mx\/historico\/wp-json\/wp\/v2\/users\/93"}],"replies":[{"embeddable":true,"href":"https:\/\/plazajuarez.mx\/historico\/wp-json\/wp\/v2\/comments?post=28046"}],"version-history":[{"count":0,"href":"https:\/\/plazajuarez.mx\/historico\/wp-json\/wp\/v2\/posts\/28046\/revisions"}],"wp:attachment":[{"href":"https:\/\/plazajuarez.mx\/historico\/wp-json\/wp\/v2\/media?parent=28046"}],"wp:term":[{"taxonomy":"category","embeddable":true,"href":"https:\/\/plazajuarez.mx\/historico\/wp-json\/wp\/v2\/categories?post=28046"},{"taxonomy":"post_tag","embeddable":true,"href":"https:\/\/plazajuarez.mx\/historico\/wp-json\/wp\/v2\/tags?post=28046"}],"curies":[{"name":"wp","href":"https:\/\/api.w.org\/{rel}","templated":true}]}}