{"id":28045,"date":"2016-09-08T14:26:45","date_gmt":"2016-09-08T14:26:45","guid":{"rendered":"http:\/\/plazajuarez.mx\/index\/index.php\/2016\/09\/08\/alcaldesa-inicia-demanda-por-actos-violentos-durante-su-toma-de-protesta\/"},"modified":"2016-09-08T14:26:45","modified_gmt":"2016-09-08T14:26:45","slug":"alcaldesa-inicia-demanda-por-actos-violentos-durante-su-toma-de-protesta","status":"publish","type":"post","link":"https:\/\/plazajuarez.mx\/historico\/alcaldesa-inicia-demanda-por-actos-violentos-durante-su-toma-de-protesta\/","title":{"rendered":"Alcaldesa inicia demanda por actos violentos durante su toma de protesta"},"content":{"rendered":"<p>Santiago Tulantepec <\/p>\n<p>\u25cf\u00a0\u00a0\u00a0 Dice tener im\u00e1genes de quienes alborotaban <br \/>\u00a0\u00a0\u00a0 \u00a0\u00a0\u00a0 <br \/>Unas 200 personas se ubicaron el lunes afuera del auditorio del Sindicato Libertad, quienes se manifestaron en contra de quien tomaba el cargo como presidenta municipal, golpeando incluso el port\u00f3n principal de m\u00e1s de 60 a\u00f1os de historia, y amedrentando a los 800 asistentes al evento.\u00a0\u00a0\u00a0\u00a0\u00a0\u00a0\u00a0\u00a0\u00a0\u00a0\u00a0\u00a0\u00a0\u00a0\u00a0\u00a0\u00a0\u00a0\u00a0\u00a0\u00a0\u00a0\u00a0\u00a0 <\/p>\n<p>  <!--more-->  <\/p>\n<p>La alcaldesa del municipio santiaguense, Paola Dom\u00ednguez, confirm\u00f3 el inicio de procedimiento legal contra quien resulte responsable, tras los actos registrados el pasado lunes 5 de septiembre, durante su toma de posesi\u00f3n al cargo.<br \/>\u00a0\u00a0\u00a0\u00a0\u00a0\u00a0\u00a0\u00a0\u00a0\u00a0\u00a0\u00a0\u00a0\u00a0\u00a0\u00a0\u00a0\u00a0\u00a0\u00a0\u00a0\u00a0\u00a0\u00a0 <br \/>En la fecha referida, unas 200 personas se ubicaron afuera del auditorio del Sindicato Libertad, quienes se manifestaron en contra de quien tomaba el cargo como presidenta municipal, golpeando incluso el port\u00f3n principal de m\u00e1s de 60 a\u00f1os de historia, y amedrentando a los 800 asistentes al evento.\u00a0\u00a0\u00a0\u00a0\u00a0\u00a0\u00a0\u00a0\u00a0\u00a0\u00a0\u00a0\u00a0\u00a0\u00a0\u00a0\u00a0\u00a0\u00a0\u00a0\u00a0\u00a0\u00a0\u00a0 <\/p>\n<p>Se\u00f1al\u00f3 que incluso permanecieron privados ilegalmente de su libertad, por espacio de una hora, los asistentes a la rendici\u00f3n de protesta como alcaldesa.<\/p>\n<p>Adem\u00e1s, los manifestantes dieron a conocer tambi\u00e9n su intenci\u00f3n de cerrar las instalaciones de la Presidencia Municipal, lo cual no se ha llevado a cabo, por lo menos hasta el d\u00eda de ayer. Sin embargo, la funcionaria se\u00f1al\u00f3 que seguir\u00e1 adelante con el proceso legal.\u00a0\u00a0\u00a0\u00a0\u00a0\u00a0\u00a0\u00a0\u00a0\u00a0\u00a0\u00a0\u00a0\u00a0\u00a0\u00a0\u00a0\u00a0\u00a0\u00a0\u00a0\u00a0\u00a0\u00a0 <\/p>\n<p>Agreg\u00f3 que luego de platicar con sus compa\u00f1eros asamble\u00edstas, repudiaron los hechos, de forma un\u00e1nime.<\/p>\n<p>Sin embargo, se\u00f1al\u00f3 tambi\u00e9n que existe la amenaza latente de toma de instalaciones de la Presidencia Municipal y actos de violencia contra la propia presidenta, por lo que desde la tarde del lunes, cuenta con presencia de elementos de la polic\u00eda estatal a modo de apoyo.<\/p>\n<p>A pesar de ello, dijo que el servicio en las distintas dependencias de Presidencia Municipal se llev\u00f3 a cabo de manera normal a partir de ayer.<\/p>\n<p>Lament\u00f3 que existan grupos que tratan de desestabilizar al gobierno entrante generando intranquilidad entre la poblaci\u00f3n y al respecto dijo: \u201csomos m\u00e1s los que queremos un Santiago en paz social\u201d.<\/p>\n<p>Respecto a la denuncia, indic\u00f3 que existen im\u00e1genes del altercado, por lo que es posible que la querella sea dirigida contra alguien espec\u00edfico; \u201chay pruebas de lo que sucedi\u00f3 y no quiero mencionar nombres pero habr\u00e1 denuncia pues repudio la forma en que se manifestaron estas personas\u201d.<\/p>\n<p>Respecto de la entrega recepci\u00f3n manifest\u00f3 que el proceso va bien y que existe disposici\u00f3n de la administraci\u00f3n saliente para otorgar la informaci\u00f3n pertinente.<\/p>\n<p>\u201cPasaron dos semanas ya de entrega, pudimos detectar un par de situaciones que son menores, pues todo va bien con dicho proceso y s\u00f3lo estamos formalizando la entrega recepci\u00f3n\u201d, detall\u00f3.<\/p>\n<p>Finalmente, desestim\u00f3 las situaciones que encontraron hasta el momento al recibir la administraci\u00f3n, por lo que dijo, ser\u00e1 m\u00e1s adelante cuando ofrezca detalles al respecto.<\/p>\n","protected":false},"excerpt":{"rendered":"<p>Santiago Tulantepec \u25cf\u00a0\u00a0\u00a0 Dice tener im\u00e1genes de quienes alborotaban \u00a0\u00a0\u00a0 \u00a0\u00a0\u00a0 Unas 200 personas se ubicaron el lunes afuera del auditorio del Sindicato Libertad, quienes se manifestaron en contra de quien tomaba el cargo como presidenta municipal, golpeando incluso el port\u00f3n principal de m\u00e1s de 60 a\u00f1os de historia, y amedrentando a los 800 asistentes [&hellip;]<\/p>\n","protected":false},"author":93,"featured_media":0,"comment_status":"open","ping_status":"open","sticky":false,"template":"","format":"standard","meta":{"footnotes":""},"categories":[40],"tags":[],"class_list":["post-28045","post","type-post","status-publish","format-standard","hentry","category-region"],"_links":{"self":[{"href":"https:\/\/plazajuarez.mx\/historico\/wp-json\/wp\/v2\/posts\/28045","targetHints":{"allow":["GET"]}}],"collection":[{"href":"https:\/\/plazajuarez.mx\/historico\/wp-json\/wp\/v2\/posts"}],"about":[{"href":"https:\/\/plazajuarez.mx\/historico\/wp-json\/wp\/v2\/types\/post"}],"author":[{"embeddable":true,"href":"https:\/\/plazajuarez.mx\/historico\/wp-json\/wp\/v2\/users\/93"}],"replies":[{"embeddable":true,"href":"https:\/\/plazajuarez.mx\/historico\/wp-json\/wp\/v2\/comments?post=28045"}],"version-history":[{"count":0,"href":"https:\/\/plazajuarez.mx\/historico\/wp-json\/wp\/v2\/posts\/28045\/revisions"}],"wp:attachment":[{"href":"https:\/\/plazajuarez.mx\/historico\/wp-json\/wp\/v2\/media?parent=28045"}],"wp:term":[{"taxonomy":"category","embeddable":true,"href":"https:\/\/plazajuarez.mx\/historico\/wp-json\/wp\/v2\/categories?post=28045"},{"taxonomy":"post_tag","embeddable":true,"href":"https:\/\/plazajuarez.mx\/historico\/wp-json\/wp\/v2\/tags?post=28045"}],"curies":[{"name":"wp","href":"https:\/\/api.w.org\/{rel}","templated":true}]}}