{"id":28043,"date":"2016-09-08T14:26:13","date_gmt":"2016-09-08T14:26:13","guid":{"rendered":"http:\/\/plazajuarez.mx\/index\/index.php\/2016\/09\/08\/pasan-los-dias-y-algunos-alcaldes-de-la-region-aun-no-presentan-a-sus-equipos\/"},"modified":"2016-09-08T14:26:13","modified_gmt":"2016-09-08T14:26:13","slug":"pasan-los-dias-y-algunos-alcaldes-de-la-region-aun-no-presentan-a-sus-equipos","status":"publish","type":"post","link":"https:\/\/plazajuarez.mx\/historico\/pasan-los-dias-y-algunos-alcaldes-de-la-region-aun-no-presentan-a-sus-equipos\/","title":{"rendered":"Pasan los d\u00edas y algunos Alcaldes de la regi\u00f3n a\u00fan no presentan a sus equipos"},"content":{"rendered":"<p>Valle del Mezquital<br \/>\u25cf\u00a0\u00a0\u00a0 \u00bfCu\u00e1l es la prisa?<\/p>\n<p>Algunos est\u00e1n en proceso de revisi\u00f3n de curriculares; otros pondr\u00e1n a parientes en cargos importantes; eso en cuanto a equipos de primer nivel\u2026 mejor no hablemos de los de segundo nivel <\/p>\n<p>  <!--more-->  <\/p>\n<p>ACTOPAN<\/p>\n<p>A casi una semana de que los alcaldes asumieron sus cargos en las presidencias municipales, hasta ahora, no han integrado sus equipos al 100 por ciento, ninguno ha presentado a los integrantes de sus respectivos gabinetes. <\/p>\n<p>El alcalde de Actopan, H\u00e9ctor Cruz Olgu\u00edn, dio ayer a conocer a trav\u00e9s de su cuenta de twitter, que estaba en un proceso de revisi\u00f3n de cada una de las \u00e1reas de la Presidencia Municipal, sin embargo a\u00fan no ha presentado a los titulares. <\/p>\n<p>De acuerdo a fuentes de su propio equipo, se encuentra en el proceso de hacer los nombramientos, los cuales una vez que est\u00e1n conformados, los har\u00e1 p\u00fablicos a trav\u00e9s de los medios de comunicaci\u00f3n y plataformas digitales oficiales. <\/p>\n<p>IXMIQUILPAN <\/p>\n<p>Lo misma ha ocurrido en Ixmiquilpan, donde \u00fanicamente se han hablado de trascendidos, entre los cuales destacan, que las \u00e1reas de Desarrollo social y Cultura, ser\u00e1n ocupados por Vicente y Jos\u00e9 Charrez Pedraza, ambos hermanos del alcalde, Pascual Charrez. <\/p>\n<p>Asimismo, hasta ayer, algunos aspirantes a ocupar alguno de los espacios dentro de la n\u00f3mina, se encontraban esperando entrevistarse con el presidente municipal, sin embargo, hasta el momento, su oficina de prensa no ha informado nada al respecto.<\/p>\n<p>Se dio a conocer, que el anterior alcalde, Cipriano Charrez, habr\u00eda recomendado a varios de los trabajadores, los cuales no est\u00e1n considerados dentro de la nueva n\u00f3mina por parte de la presente administraci\u00f3n. <\/p>\n<p>ALFAJAYUCAN <\/p>\n<p>Lo mismo ha ocurrido en el municipio de Alfajayucan, donde tampoco se han formalizado los nombres de qui\u00e9nes ir\u00e1n a ocupar las \u00e1reas. Tampoco se ha integrado el equipo de los espacios de segundo y tercer nivel. <\/p>\n<p>A diferencia de algunos alcaldes que presentaron a sus respectivos equipos antes de tomar protesta, la mayor\u00eda se encuentran en proceso de conformaci\u00f3n de sus diferentes \u00e1reas. <\/p>\n<p><\/p>\n","protected":false},"excerpt":{"rendered":"<p>Valle del Mezquital\u25cf\u00a0\u00a0\u00a0 \u00bfCu\u00e1l es la prisa? Algunos est\u00e1n en proceso de revisi\u00f3n de curriculares; otros pondr\u00e1n a parientes en cargos importantes; eso en cuanto a equipos de primer nivel\u2026 mejor no hablemos de los de segundo nivel<\/p>\n","protected":false},"author":93,"featured_media":0,"comment_status":"open","ping_status":"open","sticky":false,"template":"","format":"standard","meta":{"footnotes":""},"categories":[40],"tags":[],"class_list":["post-28043","post","type-post","status-publish","format-standard","hentry","category-region"],"_links":{"self":[{"href":"https:\/\/plazajuarez.mx\/historico\/wp-json\/wp\/v2\/posts\/28043","targetHints":{"allow":["GET"]}}],"collection":[{"href":"https:\/\/plazajuarez.mx\/historico\/wp-json\/wp\/v2\/posts"}],"about":[{"href":"https:\/\/plazajuarez.mx\/historico\/wp-json\/wp\/v2\/types\/post"}],"author":[{"embeddable":true,"href":"https:\/\/plazajuarez.mx\/historico\/wp-json\/wp\/v2\/users\/93"}],"replies":[{"embeddable":true,"href":"https:\/\/plazajuarez.mx\/historico\/wp-json\/wp\/v2\/comments?post=28043"}],"version-history":[{"count":0,"href":"https:\/\/plazajuarez.mx\/historico\/wp-json\/wp\/v2\/posts\/28043\/revisions"}],"wp:attachment":[{"href":"https:\/\/plazajuarez.mx\/historico\/wp-json\/wp\/v2\/media?parent=28043"}],"wp:term":[{"taxonomy":"category","embeddable":true,"href":"https:\/\/plazajuarez.mx\/historico\/wp-json\/wp\/v2\/categories?post=28043"},{"taxonomy":"post_tag","embeddable":true,"href":"https:\/\/plazajuarez.mx\/historico\/wp-json\/wp\/v2\/tags?post=28043"}],"curies":[{"name":"wp","href":"https:\/\/api.w.org\/{rel}","templated":true}]}}