{"id":28042,"date":"2016-09-08T14:16:03","date_gmt":"2016-09-08T14:16:03","guid":{"rendered":"http:\/\/plazajuarez.mx\/index\/index.php\/2016\/09\/08\/daniel-jimenez-rojo-nuevo-secretario-de-desarrollo-social\/"},"modified":"2016-09-08T14:16:03","modified_gmt":"2016-09-08T14:16:03","slug":"daniel-jimenez-rojo-nuevo-secretario-de-desarrollo-social","status":"publish","type":"post","link":"https:\/\/plazajuarez.mx\/historico\/daniel-jimenez-rojo-nuevo-secretario-de-desarrollo-social\/","title":{"rendered":"Daniel Jim\u00e9nez Rojo nuevo Secretario de Desarrollo Social"},"content":{"rendered":"<p>&#8212;\u00a0 La ex titular, Oralia Vega Ortiz,\u00a0 le augur\u00f3 el mayor de los \u00e9xitos.<\/p>\n<p>  <!--more-->  <\/p>\n<p>En presencia del Secretario del Despacho del Gobernador, Israel F\u00e9lix Soto, Daniel Rolando Jim\u00e9nez Rojo recibi\u00f3 la Secretar\u00eda de Desarrollo Social de manos de la ex titular, Oralia Vega Ortiz, quien le augur\u00f3 el mayor de los \u00e9xitos. <br \/>Con este acto, inici\u00f3 un compromiso de trabajo, responsable y dedicado a impulsar a los sectores m\u00e1s vulnerables de la poblaci\u00f3n hidalguense, tal y como lo instruy\u00f3 el titular del ejecutivo, Omar Fayad Meneses.<br \/>\u201cA partir del pr\u00f3ximo lunes comenzaremos con la actividad de esta secretar\u00eda, recorreremos el estado, no en las cabeceras municipales sino en las comunidades m\u00e1s lejanas, las m\u00e1s marginadas, las que m\u00e1s lo necesitan, nos ensuciaremos los zapatos porque as\u00ed fue la instrucci\u00f3n de nuestro gobernador\u201d, finaliz\u00f3 Jim\u00e9nez Rojo. <\/p>\n<p>A PARTIR DEL PR\u00d3XIMO LUNES <br \/>COMENZAREMOS CON LA ACTIVIDAD<br \/>\u00a0DE ESTA SECRETAR\u00cdA, RECORREREMOS<br \/>\u00a0EL ESTADO, DECLAR\u00d3 JIM\u00c9NEZ ROJO<\/p>\n","protected":false},"excerpt":{"rendered":"<p>&#8212;\u00a0 La ex titular, Oralia Vega Ortiz,\u00a0 le augur\u00f3 el mayor de los \u00e9xitos.<\/p>\n","protected":false},"author":93,"featured_media":0,"comment_status":"open","ping_status":"open","sticky":false,"template":"","format":"standard","meta":{"footnotes":""},"categories":[59],"tags":[],"class_list":["post-28042","post","type-post","status-publish","format-standard","hentry","category-general"],"_links":{"self":[{"href":"https:\/\/plazajuarez.mx\/historico\/wp-json\/wp\/v2\/posts\/28042","targetHints":{"allow":["GET"]}}],"collection":[{"href":"https:\/\/plazajuarez.mx\/historico\/wp-json\/wp\/v2\/posts"}],"about":[{"href":"https:\/\/plazajuarez.mx\/historico\/wp-json\/wp\/v2\/types\/post"}],"author":[{"embeddable":true,"href":"https:\/\/plazajuarez.mx\/historico\/wp-json\/wp\/v2\/users\/93"}],"replies":[{"embeddable":true,"href":"https:\/\/plazajuarez.mx\/historico\/wp-json\/wp\/v2\/comments?post=28042"}],"version-history":[{"count":0,"href":"https:\/\/plazajuarez.mx\/historico\/wp-json\/wp\/v2\/posts\/28042\/revisions"}],"wp:attachment":[{"href":"https:\/\/plazajuarez.mx\/historico\/wp-json\/wp\/v2\/media?parent=28042"}],"wp:term":[{"taxonomy":"category","embeddable":true,"href":"https:\/\/plazajuarez.mx\/historico\/wp-json\/wp\/v2\/categories?post=28042"},{"taxonomy":"post_tag","embeddable":true,"href":"https:\/\/plazajuarez.mx\/historico\/wp-json\/wp\/v2\/tags?post=28042"}],"curies":[{"name":"wp","href":"https:\/\/api.w.org\/{rel}","templated":true}]}}