{"id":28041,"date":"2016-09-08T14:16:02","date_gmt":"2016-09-08T14:16:02","guid":{"rendered":"http:\/\/plazajuarez.mx\/index\/index.php\/2016\/09\/08\/sin-temor-de-despidos-masivos\/"},"modified":"2016-09-08T14:16:02","modified_gmt":"2016-09-08T14:16:02","slug":"sin-temor-de-despidos-masivos","status":"publish","type":"post","link":"https:\/\/plazajuarez.mx\/historico\/sin-temor-de-despidos-masivos\/","title":{"rendered":"Sin temor de despidos masivos"},"content":{"rendered":"<p>EN SUTSPEEH<\/p>\n<p>\u25cf\u00a0\u00a0\u00a0 Continuar\u00e1n con negociaci\u00f3n del pliego petitorio<\/p>\n<p>  <!--more-->  <\/p>\n<p>\u201cNo hay temor, todos hemos estado trabajando de manera responsable en cada una de nuestras \u00e1reas\u201d, asegur\u00f3 V\u00edctor Licona Cervantes, secretario general del Sindicato \u00danico de Trabajadores al Servicio del Poder Ejecutivo del Estado de Hidalgo (SUTSPEEH), respecto a la posibilidad de despidos masivos debido al ingreso de la nueva administraci\u00f3n encabezada por Omar Fayad Meneses.<br \/>Puntualiz\u00f3 que el mandatario estatal fue muy claro en su pronunciamiento al se\u00f1alar que se observar\u00e1n y analizar\u00e1n las actividades que cada uno de los trabajadores desempe\u00f1a; sin embargo, reiter\u00f3 que no existe temor, pues es una actividad que se realiza cada seis a\u00f1os.<br \/>Al cuestionarle si habr\u00eda oposici\u00f3n en el caso de presentarse despidos, sentenci\u00f3 \u201cdebemos ser coherentes con la responsabilidad que adquirimos y cumplir con nuestra jornada laboral\u201d.<br \/>Apunt\u00f3 que actualmente la organizaci\u00f3n est\u00e1 conformada por alrededor de mil 700 trabajadores, y cerca de 150 cuentan con plaza de confianza, mismos que presentaron su renuncia; no obstante puntualiz\u00f3, que se les ha pedido se mantengan pendientes de la respuesta en cada una de sus \u00e1reas, \u201clo que nos avala es nuestro trabajo\u201d.<br \/>Respecto al pliego petitorio que presentaron a revisi\u00f3n a la administraci\u00f3n anterior, Licona Cervantes, indic\u00f3 que se avanz\u00f3 significativamente en las negociaciones, sin embargo ser\u00e1 en esta semana cuando se reanude la mesa de trabajo, pero ahora con el nuevo ejecutivo estatal.<br \/>Record\u00f3 que los puntos integrados al pliego, son rubros estipulados en las condiciones generales de trabajo, entre ellos: incremento en prestaciones, vales de despensa, aguinaldo, desarrollo familiar y en el pago de becas; as\u00ed como el aumento del siete por ciento al salario.<\/p>\n<p>ACTUALMENTE LA ORGANIZACI\u00d3N EST\u00c1<br \/>\u00a0CONFORMADA POR ALREDEDOR DE MIL 700<br \/>\u00a0TRABAJADORES, Y CERCA DE 150 CUENTAN<br \/>\u00a0CON PLAZA DE CONFIANZA,<\/p>\n","protected":false},"excerpt":{"rendered":"<p>EN SUTSPEEH \u25cf\u00a0\u00a0\u00a0 Continuar\u00e1n con negociaci\u00f3n del pliego petitorio<\/p>\n","protected":false},"author":93,"featured_media":0,"comment_status":"open","ping_status":"open","sticky":false,"template":"","format":"standard","meta":{"footnotes":""},"categories":[59],"tags":[],"class_list":["post-28041","post","type-post","status-publish","format-standard","hentry","category-general"],"_links":{"self":[{"href":"https:\/\/plazajuarez.mx\/historico\/wp-json\/wp\/v2\/posts\/28041","targetHints":{"allow":["GET"]}}],"collection":[{"href":"https:\/\/plazajuarez.mx\/historico\/wp-json\/wp\/v2\/posts"}],"about":[{"href":"https:\/\/plazajuarez.mx\/historico\/wp-json\/wp\/v2\/types\/post"}],"author":[{"embeddable":true,"href":"https:\/\/plazajuarez.mx\/historico\/wp-json\/wp\/v2\/users\/93"}],"replies":[{"embeddable":true,"href":"https:\/\/plazajuarez.mx\/historico\/wp-json\/wp\/v2\/comments?post=28041"}],"version-history":[{"count":0,"href":"https:\/\/plazajuarez.mx\/historico\/wp-json\/wp\/v2\/posts\/28041\/revisions"}],"wp:attachment":[{"href":"https:\/\/plazajuarez.mx\/historico\/wp-json\/wp\/v2\/media?parent=28041"}],"wp:term":[{"taxonomy":"category","embeddable":true,"href":"https:\/\/plazajuarez.mx\/historico\/wp-json\/wp\/v2\/categories?post=28041"},{"taxonomy":"post_tag","embeddable":true,"href":"https:\/\/plazajuarez.mx\/historico\/wp-json\/wp\/v2\/tags?post=28041"}],"curies":[{"name":"wp","href":"https:\/\/api.w.org\/{rel}","templated":true}]}}