{"id":28040,"date":"2016-09-08T14:16:01","date_gmt":"2016-09-08T14:16:01","guid":{"rendered":"http:\/\/plazajuarez.mx\/index\/index.php\/2016\/09\/08\/nuevos-secretarios-en-finanzas-sedagro-y-educacion-publica\/"},"modified":"2016-09-08T14:16:01","modified_gmt":"2016-09-08T14:16:01","slug":"nuevos-secretarios-en-finanzas-sedagro-y-educacion-publica","status":"publish","type":"post","link":"https:\/\/plazajuarez.mx\/historico\/nuevos-secretarios-en-finanzas-sedagro-y-educacion-publica\/","title":{"rendered":"Nuevos secretarios  en Finanzas, Sedagro  y Educaci\u00f3n P\u00fablica"},"content":{"rendered":"<p>\u25cf\u00a0\u00a0\u00a0 Coordinaci\u00f3n general de comunicaci\u00f3n social de gobierno, a cargo de Luis Enrique Cruz<\/p>\n<p>  <!--more-->  <\/p>\n<p>Despu\u00e9s de que el pasado domingo, el gobernador del estado, Omar Fayad Meneses presentara el gabinete que lo acompa\u00f1ar\u00e1 durante su administraci\u00f3n, a partir del lunes, los nuevos funcionarios tomaron protesta y fueron presentados en las que ser\u00e1n sus oficinas.<br \/>En ese sentido, por instrucciones del ejecutivo estatal, el Secretario del Despacho del Gobernador, Israel F\u00e9lix Soto, present\u00f3 y valid\u00f3 la toma de protesta de la nueva Secretaria de Finanzas, Delia Jessica Blancas, as\u00ed como de Carlos Mu\u00f1iz Rodr\u00edguez como el nuevo Secretario de Desarrollo Agropecuario.<br \/>As\u00ed tambi\u00e9n de Citlali Jaramillo Ram\u00edrez como Secretaria de Contralor\u00eda y Transparencia de Hidalgo, quien asegur\u00f3, \u201cfortalecer\u00e1 el Sistema de Anticorrupci\u00f3n y la Ley de Transparencia; as\u00ed como expres\u00f3 que la Secretar\u00eda se va a convertir en una caja de cristal, donde los ciudadanos van a tener el acceso a ver el trabajo que se est\u00e1 realizando\u201d<br \/>En tanto, el secretario de Gobernaci\u00f3n, Sim\u00f3n Vargas Aguilar, tom\u00f3 protesta a Sayonara Vargas Rodr\u00edguez\u00a0 como titular de la Secretar\u00eda de Educaci\u00f3n P\u00fablica de Hidalgo (SEPH), haciendo el\u00a0 compromiso de hacer de Hidalgo un referente nacional en materia educativa.<br \/>Destac\u00f3 que \u201ctrabajar\u00e1 hombro con hombro con los maestros para otorgar una educaci\u00f3n merecida y espacios dignos para los alumnos\u201d.<br \/>Asimismo, en estos cambios, fue presentado Luis Enrique Cruz, como encargado del despacho de la coordinaci\u00f3n general de comunicaci\u00f3n social de gobierno del estado. <\/p>\n<p>EL SECRETARIO DE GOBERNACI\u00d3N, SIM\u00d3N VARGAS <br \/>AGUILAR, TOM\u00d3 PROTESTA A SAYONARA VARGAS<br \/>\u00a0RODR\u00cdGUEZ\u00a0 COMO TITULAR DE LA SECRETAR\u00cdA DE<br \/>\u00a0EDUCACI\u00d3N P\u00daBLICA DE HIDALGO (SEPH)<\/p>\n","protected":false},"excerpt":{"rendered":"<p>\u25cf\u00a0\u00a0\u00a0 Coordinaci\u00f3n general de comunicaci\u00f3n social de gobierno, a cargo de Luis Enrique Cruz<\/p>\n","protected":false},"author":93,"featured_media":0,"comment_status":"open","ping_status":"open","sticky":false,"template":"","format":"standard","meta":{"footnotes":""},"categories":[59],"tags":[],"class_list":["post-28040","post","type-post","status-publish","format-standard","hentry","category-general"],"_links":{"self":[{"href":"https:\/\/plazajuarez.mx\/historico\/wp-json\/wp\/v2\/posts\/28040","targetHints":{"allow":["GET"]}}],"collection":[{"href":"https:\/\/plazajuarez.mx\/historico\/wp-json\/wp\/v2\/posts"}],"about":[{"href":"https:\/\/plazajuarez.mx\/historico\/wp-json\/wp\/v2\/types\/post"}],"author":[{"embeddable":true,"href":"https:\/\/plazajuarez.mx\/historico\/wp-json\/wp\/v2\/users\/93"}],"replies":[{"embeddable":true,"href":"https:\/\/plazajuarez.mx\/historico\/wp-json\/wp\/v2\/comments?post=28040"}],"version-history":[{"count":0,"href":"https:\/\/plazajuarez.mx\/historico\/wp-json\/wp\/v2\/posts\/28040\/revisions"}],"wp:attachment":[{"href":"https:\/\/plazajuarez.mx\/historico\/wp-json\/wp\/v2\/media?parent=28040"}],"wp:term":[{"taxonomy":"category","embeddable":true,"href":"https:\/\/plazajuarez.mx\/historico\/wp-json\/wp\/v2\/categories?post=28040"},{"taxonomy":"post_tag","embeddable":true,"href":"https:\/\/plazajuarez.mx\/historico\/wp-json\/wp\/v2\/tags?post=28040"}],"curies":[{"name":"wp","href":"https:\/\/api.w.org\/{rel}","templated":true}]}}