{"id":28038,"date":"2016-09-08T14:15:47","date_gmt":"2016-09-08T14:15:47","guid":{"rendered":"http:\/\/plazajuarez.mx\/index\/index.php\/2016\/09\/08\/snte-entrega-propuestas-para-regularizar-a-maestros\/"},"modified":"2016-09-08T14:15:47","modified_gmt":"2016-09-08T14:15:47","slug":"snte-entrega-propuestas-para-regularizar-a-maestros","status":"publish","type":"post","link":"https:\/\/plazajuarez.mx\/historico\/snte-entrega-propuestas-para-regularizar-a-maestros\/","title":{"rendered":"SNTE ENTREGA PROPUESTAS PARA REGULARIZAR A MAESTROS"},"content":{"rendered":"<p>&#8212;\u00a0 Se busca regularizar a maestros de secundarias generales<\/p>\n<p>  <!--more-->  <\/p>\n<p>En d\u00edas pasados la Secci\u00f3n 15 del Sindicato Nacional de Trabajadores de la Educaci\u00f3n (SNTE) realiz\u00f3 la entrega de propuestas para regularizaci\u00f3n a docentes de secundarias generales y t\u00e9cnicas, para cubrir el d\u00e9ficit de horas que se ten\u00eda en dichos niveles.<br \/>Al dar la bienvenida al evento, Francisca Aurora Orozco M\u00e1rquez, Secretaria del Colegiado de Asuntos Laborales en Secundarias Generales, refiri\u00f3 que la entrega de propuestas por regularizaci\u00f3n es un logro hist\u00f3rico obtenido gracias a la unidad de los trabajadores de la educaci\u00f3n y al liderazgo del Secretario General de la Secci\u00f3n 15 del SNTE, Francisco Sinuh\u00e9 Ram\u00edrez Oviedo; \u201cTan s\u00f3lo en secundarias generales se estar\u00e1n entregando 2 mil 372 horas en beneficio de m\u00e1s de 800 compa\u00f1eros\u201d, expres\u00f3.<br \/>Asimismo, Juan Jos\u00e9 Luna Mej\u00eda, Secretario del Colegiado de Asuntos Laborales en Secundarias T\u00e9cnicas, pronunci\u00f3: \u201cSecretario, gracias por no claudicar en cada una de las pretensiones salariales, profesionales, asistenciales, que tienen los trabajadores de la educaci\u00f3n en los diferentes niveles educativos\u201d.<br \/>Por su parte, el l\u00edder del magisterio en la entidad, Francisco Sinuh\u00e9 Ram\u00edrez Oviedo, expres\u00f3: \u201cPara el Comit\u00e9 Ejecutivo de la Secci\u00f3n 15 del SNTE es un momento de gran valor, pues hoy se consolida un anhelo que nuestras compa\u00f1eras y compa\u00f1eros ten\u00edan de a\u00f1os atr\u00e1s, el pago de horas d\u00e9ficit, no era justo que un trabajador no cobrara por lo que justamente le corresponde\u201d.<\/p>\n<p>NO ERA JUSTO QUE UN TRABAJADOR NO<br \/>\u00a0COBRARA POR LO QUE JUSTAMENTE LE <br \/>CORRESPONDE, DIJO\u00a0 EL DIRIGENTE<br \/>\u00a0MAGISTERIAL SINUH\u00c9 RAM\u00cdREZ OVIEDO<\/p>\n<p><\/p>\n","protected":false},"excerpt":{"rendered":"<p>&#8212;\u00a0 Se busca regularizar a maestros de secundarias generales<\/p>\n","protected":false},"author":93,"featured_media":0,"comment_status":"open","ping_status":"open","sticky":false,"template":"","format":"standard","meta":{"footnotes":""},"categories":[59],"tags":[],"class_list":["post-28038","post","type-post","status-publish","format-standard","hentry","category-general"],"_links":{"self":[{"href":"https:\/\/plazajuarez.mx\/historico\/wp-json\/wp\/v2\/posts\/28038","targetHints":{"allow":["GET"]}}],"collection":[{"href":"https:\/\/plazajuarez.mx\/historico\/wp-json\/wp\/v2\/posts"}],"about":[{"href":"https:\/\/plazajuarez.mx\/historico\/wp-json\/wp\/v2\/types\/post"}],"author":[{"embeddable":true,"href":"https:\/\/plazajuarez.mx\/historico\/wp-json\/wp\/v2\/users\/93"}],"replies":[{"embeddable":true,"href":"https:\/\/plazajuarez.mx\/historico\/wp-json\/wp\/v2\/comments?post=28038"}],"version-history":[{"count":0,"href":"https:\/\/plazajuarez.mx\/historico\/wp-json\/wp\/v2\/posts\/28038\/revisions"}],"wp:attachment":[{"href":"https:\/\/plazajuarez.mx\/historico\/wp-json\/wp\/v2\/media?parent=28038"}],"wp:term":[{"taxonomy":"category","embeddable":true,"href":"https:\/\/plazajuarez.mx\/historico\/wp-json\/wp\/v2\/categories?post=28038"},{"taxonomy":"post_tag","embeddable":true,"href":"https:\/\/plazajuarez.mx\/historico\/wp-json\/wp\/v2\/tags?post=28038"}],"curies":[{"name":"wp","href":"https:\/\/api.w.org\/{rel}","templated":true}]}}