{"id":280269,"date":"2023-09-08T06:28:28","date_gmt":"2023-09-08T12:28:28","guid":{"rendered":"https:\/\/plazajuarez.mx\/?p=280269"},"modified":"2023-09-08T06:28:30","modified_gmt":"2023-09-08T12:28:30","slug":"mercado-municipal-de-progreso-es-un-bien-publico","status":"publish","type":"post","link":"https:\/\/plazajuarez.mx\/historico\/mercado-municipal-de-progreso-es-un-bien-publico\/","title":{"rendered":"Mercado municipal de Progreso, es un bien p\u00fablico"},"content":{"rendered":"\n<p><strong>PROGRESO DE OBREG\u00d3N<\/strong>.- El presidente municipal de Progreso de Obreg\u00f3n, Armando Mera Olgu\u00edn, dio a conocer la semana pasada, que el mercado no es propiedad del municipio, sino de particulares, quienes ya cuentan con escrituras del mismo.\u00a0<\/p>\n\n\n\n<p>Por ese motivo, el municipio no tiene ninguna injerencia respecto al manejo de recursos por ingresos de los sanitarios p\u00fablicos y de otros conceptos del mismo, debido a que se trata de un propiedad privada a nombre de los locatarios.&nbsp;<\/p>\n\n\n\n<p>Incluso, expuso, que las rehabilitaciones que se han hecho al lugar, se han realizado con recursos de los propios locatarios, que de ninguna manera ha sido con presupuesto p\u00fablico. Por ello, rechaz\u00f3 que la denuncia por peculado en su contra derivado de este tema, debido a que tambi\u00e9n es locatario, tenga alg\u00fan efecto.&nbsp;<\/p>\n\n\n\n<p>Sin embargo, el regidor, Yuriel Monroy, dio a conocer que el mercado municipal, s\u00ed es propiedad del municipio y que existe una escritura p\u00fablica desde el 2010, cuando se promovi\u00f3 la legalizaci\u00f3n de este predio.&nbsp;<\/p>\n","protected":false},"excerpt":{"rendered":"<p>PROGRESO DE OBREG\u00d3N.- El presidente municipal de Progreso de Obreg\u00f3n, Armando Mera Olgu\u00edn, dio a conocer la semana pasada, que el mercado no es propiedad del municipio, sino de particulares, quienes ya cuentan con escrituras del mismo.\u00a0 Por ese motivo, el municipio no tiene ninguna injerencia respecto al manejo de recursos por ingresos de los [&hellip;]<\/p>\n","protected":false},"author":75,"featured_media":280275,"comment_status":"closed","ping_status":"closed","sticky":false,"template":"","format":"standard","meta":{"footnotes":""},"categories":[2159,40],"tags":[],"class_list":["post-280269","post","type-post","status-publish","format-standard","has-post-thumbnail","hentry","category-noticias-de-hidalgo","category-region"],"_links":{"self":[{"href":"https:\/\/plazajuarez.mx\/historico\/wp-json\/wp\/v2\/posts\/280269","targetHints":{"allow":["GET"]}}],"collection":[{"href":"https:\/\/plazajuarez.mx\/historico\/wp-json\/wp\/v2\/posts"}],"about":[{"href":"https:\/\/plazajuarez.mx\/historico\/wp-json\/wp\/v2\/types\/post"}],"author":[{"embeddable":true,"href":"https:\/\/plazajuarez.mx\/historico\/wp-json\/wp\/v2\/users\/75"}],"replies":[{"embeddable":true,"href":"https:\/\/plazajuarez.mx\/historico\/wp-json\/wp\/v2\/comments?post=280269"}],"version-history":[{"count":0,"href":"https:\/\/plazajuarez.mx\/historico\/wp-json\/wp\/v2\/posts\/280269\/revisions"}],"wp:featuredmedia":[{"embeddable":true,"href":"https:\/\/plazajuarez.mx\/historico\/wp-json\/wp\/v2\/media\/280275"}],"wp:attachment":[{"href":"https:\/\/plazajuarez.mx\/historico\/wp-json\/wp\/v2\/media?parent=280269"}],"wp:term":[{"taxonomy":"category","embeddable":true,"href":"https:\/\/plazajuarez.mx\/historico\/wp-json\/wp\/v2\/categories?post=280269"},{"taxonomy":"post_tag","embeddable":true,"href":"https:\/\/plazajuarez.mx\/historico\/wp-json\/wp\/v2\/tags?post=280269"}],"curies":[{"name":"wp","href":"https:\/\/api.w.org\/{rel}","templated":true}]}}