{"id":280267,"date":"2023-09-08T06:27:52","date_gmt":"2023-09-08T12:27:52","guid":{"rendered":"https:\/\/plazajuarez.mx\/?p=280267"},"modified":"2023-09-08T06:27:54","modified_gmt":"2023-09-08T12:27:54","slug":"conclusion-de-rampa-de-frenado-en-la-bajada-de-la-muerte","status":"publish","type":"post","link":"https:\/\/plazajuarez.mx\/historico\/conclusion-de-rampa-de-frenado-en-la-bajada-de-la-muerte\/","title":{"rendered":"Conclusi\u00f3n de rampa de frenado en la \u201cBajada de la Muerte\u201d"},"content":{"rendered":"\n<p><strong>TULANCINGO<\/strong>.- Miembros de la Alianza Mexicana de Organizaciones de Transportistas (AMOTAC) informaron que ingresaron una petici\u00f3n formal a la Secretar\u00eda de Infraestructura Comunicaciones y Transportes (SICT), para que se termine de construir la rampa de frenado que se ubica en la bajada de San Jos\u00e9, para evitar o reducir accidentes mortales.<\/p>\n\n\n\n<p>Gerardo Gonz\u00e1lez Garc\u00eda, delegado en Hidalgo de la AMOTAC, detall\u00f3 que el viernes 25 de agosto, en las mesas de trabajo que tuvieron con las autoridades de la SICT, \u201cTocamos el tema de la bajada de San Jos\u00e9, en la que ha habido muchos accidentes, pero ah\u00ed, hay una rampa de frenado que se qued\u00f3 a medias, no se concluy\u00f3 y est\u00e1 cerrada, por tal motivo, el pasado lunes 28 de agosto ingresamos un documento solicitando a la SICT, que siga los trabajos y que termine esa rampa para evitar muchas muertes como las que recientemente se dieron\u201d.<\/p>\n\n\n\n<p>El representante espera que pronto la petici\u00f3n de su organizaci\u00f3n sea tomada en cuenta \u201cYa se tiene una, pero dos ser\u00eda mucho mejor\u201d.<\/p>\n","protected":false},"excerpt":{"rendered":"<p>TULANCINGO.- Miembros de la Alianza Mexicana de Organizaciones de Transportistas (AMOTAC) informaron que ingresaron una petici\u00f3n formal a la Secretar\u00eda de Infraestructura Comunicaciones y Transportes (SICT), para que se termine de construir la rampa de frenado que se ubica en la bajada de San Jos\u00e9, para evitar o reducir accidentes mortales. Gerardo Gonz\u00e1lez Garc\u00eda, delegado [&hellip;]<\/p>\n","protected":false},"author":70,"featured_media":280271,"comment_status":"closed","ping_status":"closed","sticky":false,"template":"","format":"standard","meta":{"footnotes":""},"categories":[2159,40],"tags":[],"class_list":["post-280267","post","type-post","status-publish","format-standard","has-post-thumbnail","hentry","category-noticias-de-hidalgo","category-region"],"_links":{"self":[{"href":"https:\/\/plazajuarez.mx\/historico\/wp-json\/wp\/v2\/posts\/280267","targetHints":{"allow":["GET"]}}],"collection":[{"href":"https:\/\/plazajuarez.mx\/historico\/wp-json\/wp\/v2\/posts"}],"about":[{"href":"https:\/\/plazajuarez.mx\/historico\/wp-json\/wp\/v2\/types\/post"}],"author":[{"embeddable":true,"href":"https:\/\/plazajuarez.mx\/historico\/wp-json\/wp\/v2\/users\/70"}],"replies":[{"embeddable":true,"href":"https:\/\/plazajuarez.mx\/historico\/wp-json\/wp\/v2\/comments?post=280267"}],"version-history":[{"count":0,"href":"https:\/\/plazajuarez.mx\/historico\/wp-json\/wp\/v2\/posts\/280267\/revisions"}],"wp:featuredmedia":[{"embeddable":true,"href":"https:\/\/plazajuarez.mx\/historico\/wp-json\/wp\/v2\/media\/280271"}],"wp:attachment":[{"href":"https:\/\/plazajuarez.mx\/historico\/wp-json\/wp\/v2\/media?parent=280267"}],"wp:term":[{"taxonomy":"category","embeddable":true,"href":"https:\/\/plazajuarez.mx\/historico\/wp-json\/wp\/v2\/categories?post=280267"},{"taxonomy":"post_tag","embeddable":true,"href":"https:\/\/plazajuarez.mx\/historico\/wp-json\/wp\/v2\/tags?post=280267"}],"curies":[{"name":"wp","href":"https:\/\/api.w.org\/{rel}","templated":true}]}}