{"id":280266,"date":"2023-09-08T06:27:49","date_gmt":"2023-09-08T12:27:49","guid":{"rendered":"https:\/\/plazajuarez.mx\/?p=280266"},"modified":"2023-09-08T06:27:51","modified_gmt":"2023-09-08T12:27:51","slug":"fijan-precios-para-el-pago-de-la-cosecha-de-cebada-2023","status":"publish","type":"post","link":"https:\/\/plazajuarez.mx\/historico\/fijan-precios-para-el-pago-de-la-cosecha-de-cebada-2023\/","title":{"rendered":"Fijan precios para el pago de la cosecha de cebada 2023"},"content":{"rendered":"\n<p><strong>APAN<\/strong>.- Con un incremento sustancial, productores de cebada, obtienen un nuevo precio para la compra del grano de cebada de la cosecha primavera &#8211; verano 2023.<\/p>\n\n\n\n<p>El presidente del Sistema Producto Nacional Cebada, Ricardo Canales del Razo, inform\u00f3 que derivado de las negociaciones con los industriales de las empresas Heineken y Grupo Modelo, y la intervenci\u00f3n de la Secretar\u00eda de Agricultura y Desarrollo Rural del gobierno federal, se pudo obtener un precio muy por encima del a\u00f1o pasado, que fue de los ocho mil 500 pesos por tonelada.<\/p>\n\n\n\n<p>Indic\u00f3 que las negociaciones se llevaron a cabo en las instalaciones de ambas cerveceras, y estuvo vigilada por presidentes del Sistema Cebada de los estados productores de este grano, quienes estuvieron de acuerdo en las negociaciones que resultaron favorables para sus agremiados.<\/p>\n\n\n\n<p>Manifest\u00f3 que el precio pactado con los industriales del grupo Modelo, qued\u00f3 en ocho mil 919 pesos por tonelada en sus diferentes variedades, adem\u00e1s de otorgar otras prestaciones en efectivo, las cuales ser\u00edan entregadas al final de la compra de esta cosecha.<\/p>\n\n\n\n<p>En el caso de&nbsp; Heineken, lo fij\u00f3 en los ocho mil 750 pesos, el precio por tonelada, para la variedad de semilla de dos carreras, que son las europeas, el cual ocupa las variedades de semillas m\u00e1s comunes y que se siembran en la regi\u00f3n, como son \u201cEsmeralda y Do\u00f1a Josefa\u201d.<\/p>\n\n\n\n<p>El presidente del Sistema Producto Nacional Cebada, indic\u00f3 que el precio del Grupo Heineken, es m\u00e1s bajo ya que va a dar m\u00e1s semillas para la siembra certificada de m\u00e1s hect\u00e1reas de las pactadas para la compra de este grano a los cebaderos.<\/p>\n","protected":false},"excerpt":{"rendered":"<p>APAN.- Con un incremento sustancial, productores de cebada, obtienen un nuevo precio para la compra del grano de cebada de la cosecha primavera &#8211; verano 2023. El presidente del Sistema Producto Nacional Cebada, Ricardo Canales del Razo, inform\u00f3 que derivado de las negociaciones con los industriales de las empresas Heineken y Grupo Modelo, y la [&hellip;]<\/p>\n","protected":false},"author":69,"featured_media":280270,"comment_status":"closed","ping_status":"closed","sticky":false,"template":"","format":"standard","meta":{"footnotes":""},"categories":[2159,40],"tags":[],"class_list":["post-280266","post","type-post","status-publish","format-standard","has-post-thumbnail","hentry","category-noticias-de-hidalgo","category-region"],"_links":{"self":[{"href":"https:\/\/plazajuarez.mx\/historico\/wp-json\/wp\/v2\/posts\/280266","targetHints":{"allow":["GET"]}}],"collection":[{"href":"https:\/\/plazajuarez.mx\/historico\/wp-json\/wp\/v2\/posts"}],"about":[{"href":"https:\/\/plazajuarez.mx\/historico\/wp-json\/wp\/v2\/types\/post"}],"author":[{"embeddable":true,"href":"https:\/\/plazajuarez.mx\/historico\/wp-json\/wp\/v2\/users\/69"}],"replies":[{"embeddable":true,"href":"https:\/\/plazajuarez.mx\/historico\/wp-json\/wp\/v2\/comments?post=280266"}],"version-history":[{"count":0,"href":"https:\/\/plazajuarez.mx\/historico\/wp-json\/wp\/v2\/posts\/280266\/revisions"}],"wp:featuredmedia":[{"embeddable":true,"href":"https:\/\/plazajuarez.mx\/historico\/wp-json\/wp\/v2\/media\/280270"}],"wp:attachment":[{"href":"https:\/\/plazajuarez.mx\/historico\/wp-json\/wp\/v2\/media?parent=280266"}],"wp:term":[{"taxonomy":"category","embeddable":true,"href":"https:\/\/plazajuarez.mx\/historico\/wp-json\/wp\/v2\/categories?post=280266"},{"taxonomy":"post_tag","embeddable":true,"href":"https:\/\/plazajuarez.mx\/historico\/wp-json\/wp\/v2\/tags?post=280266"}],"curies":[{"name":"wp","href":"https:\/\/api.w.org\/{rel}","templated":true}]}}