{"id":280,"date":"2015-02-04T06:00:00","date_gmt":"2015-02-04T06:00:00","guid":{"rendered":"http:\/\/plazajuarez.mx\/index\/index.php\/2015\/02\/04\/ebrard-juegos-de-impunidad-y-conspiracion\/"},"modified":"2015-02-04T06:00:00","modified_gmt":"2015-02-04T06:00:00","slug":"ebrard-juegos-de-impunidad-y-conspiracion","status":"publish","type":"post","link":"https:\/\/plazajuarez.mx\/historico\/ebrard-juegos-de-impunidad-y-conspiracion\/","title":{"rendered":"Ebrard: juegos de impunidad y conspiraci\u00f3n"},"content":{"rendered":"<p>OPINI\u00d3N<\/p>\n<p>La C\u00e1mara de Diputados dio parte ayer a las procuradur\u00edas de la Rep\u00fablica y del DF del informe de la comisi\u00f3n que investig\u00f3 una cat\u00e1strofe financiera y urbana del anterior gobierno de la capital: la fallida L\u00ednea Dorada del Metro, que consumi\u00f3 45 mil millones de pesos, el 60%, recursos federales.<\/p>\n<p>  <!--more-->  <\/p>\n<p>En ese informe, que encabeza la agenda p\u00fablica nacional, se se\u00f1alan probables responsabilidades, entre otros, al ex jefe de Gobierno de la capital, Marcelo Ebrard, y a su secretario de Finanzas, Mario Delgado. <br \/>El colapso de la m\u00e1s espectacular, costosa y esperada ruta subterr\u00e1nea de pasajeros viol\u00f3 grandes expectativas de transportaci\u00f3n diaria de medio mill\u00f3n de mexicanos, tras su inauguraci\u00f3n y la posterior clausura de m\u00e1s de la mitad de sus estaciones. Ello se pudo deber a incapacidad, negligencia o corrupci\u00f3n. O a una combinaci\u00f3n de las tres. Y eso lo dilucidar\u00e1n las procuradur\u00edas. Pero nada justificar\u00eda la ausencia de rendici\u00f3n de cuentas y que todo quedara en juegos de impunidad, como parecer\u00edan exigirlo el propio Ebrard y sus aliados. <br \/>Como si no hubiera en esta historia cuantiosas responsabilidades a exigir, el ex jefe de Gobierno convoca en su auxilio los m\u00e1s excitantes juegos de guerra conspirativos. Le atribuye su desgracia, primero, a la versi\u00f3n que habla de su propia conspiraci\u00f3n con medios informativos afines para divulgar datos acopiados \u2014desde el gobierno de la capital\u2014 sobre unas muy publicitadas operaciones inmobiliarias supuestamente constitutivas de conflictos de inter\u00e9s en el gabinete y en Los Pinos. <br \/>Pe\u00f1a\/Ebrard. <br \/>Al presentar al nuevo secretario de la Funci\u00f3n P\u00fablica, Virgilio Andrade, el presidente Pe\u00f1a Nieto le solicit\u00f3 que investigue y resuelva los se\u00f1alamientos que involucran a su esposa y al secretario de Hacienda, al tiempo que anunci\u00f3 una serie de medidas dr\u00e1sticas para identificar con precisi\u00f3n y prevenir conductas susceptibles de considerarse como tr\u00e1fico de influencias. <br \/>Ello contrasta con la versi\u00f3n que le atribuye a Ebrard la operaci\u00f3n medi\u00e1tica contra la esposa del Presidente, no en busca de justicia o de saneamiento de la vida p\u00fablica, sino con el prop\u00f3sito originario de descarrilar la candidatura del actual Presidente en 2012, si el candidato del PRD hubiera sido el mismo Ebrard, y m\u00e1s tarde para descarrilar al gobierno federal antes de diciembre de 2014, con la fantas\u00eda de volver a convocar a elecciones. <br \/>En fin, como si no hubiera quebrantos punibles ni da\u00f1os a reparar en los desfalcos del Metro, el otro juego conspirativo invocado por sus presuntos responsables consiste en reducir la motivaci\u00f3n de la mayor\u00eda de los diputados, en su informe, al prop\u00f3sito de vengar la conspiraci\u00f3n anterior contra Los Pinos. Pero no hay teor\u00eda conspirativa capaz de desvanecer las responsabilidades derivadas de da\u00f1os de tal gravedad a la ciudad, da\u00f1os que no se pueden atenuar invocando adem\u00e1s una supuesta negaci\u00f3n del \u2018derecho de r\u00e9plica\u2019 de los implicados, en la sesi\u00f3n de la C\u00e1mara de Diputados del domingo. <br \/>Derechos de los acusados. Los presuntos responsables han tenido a salvo sus derechos en las investigaciones de los \u00f3rganos administrativos y seguramente los tendr\u00e1n en los \u00f3rganos ministeriales, as\u00ed como en los juicios de derecho que resulten, adem\u00e1s de mantener su alto protagonismo en los juicios paralelos entablados en sus medios afines. Incluso, uno de los cuestionados, el senador Mario Delgado, podr\u00eda ser citado por la secci\u00f3n instructora y en su momento por el pleno de la C\u00e1mara para alegar lo que mejor le convenga, si se da curso a un procedimiento de desafuero. Pero nadie que no sea diputado tiene derecho a intervenir en las sesiones s\u00f3lo de diputados, como tampoco nadie que no sea ministro puede irrumpir con su \u2018r\u00e9plica\u2019 en el pleno de ministros de la Corte. <br \/>Los medios tendr\u00e1n en este caso una nueva oportunidad para mostrar sus avances \u2014o retrocesos\u2014 en el tratamiento de la escala de responsabilidades pol\u00edticas, administrativas y penales de los servidores p\u00fablicos, m\u00e1s all\u00e1 de sus compromisos clientelares.<\/p>\n<p>\u00a0<\/p>\n","protected":false},"excerpt":{"rendered":"<p>OPINI\u00d3N La C\u00e1mara de Diputados dio parte ayer a las procuradur\u00edas de la Rep\u00fablica y del DF del informe de la comisi\u00f3n que investig\u00f3 una cat\u00e1strofe financiera y urbana del anterior gobierno de la capital: la fallida L\u00ednea Dorada del Metro, que consumi\u00f3 45 mil millones de pesos, el 60%, recursos federales.<\/p>\n","protected":false},"author":93,"featured_media":0,"comment_status":"open","ping_status":"open","sticky":false,"template":"","format":"standard","meta":{"footnotes":""},"categories":[42],"tags":[],"class_list":["post-280","post","type-post","status-publish","format-standard","hentry","category-nuestrapalabra"],"_links":{"self":[{"href":"https:\/\/plazajuarez.mx\/historico\/wp-json\/wp\/v2\/posts\/280","targetHints":{"allow":["GET"]}}],"collection":[{"href":"https:\/\/plazajuarez.mx\/historico\/wp-json\/wp\/v2\/posts"}],"about":[{"href":"https:\/\/plazajuarez.mx\/historico\/wp-json\/wp\/v2\/types\/post"}],"author":[{"embeddable":true,"href":"https:\/\/plazajuarez.mx\/historico\/wp-json\/wp\/v2\/users\/93"}],"replies":[{"embeddable":true,"href":"https:\/\/plazajuarez.mx\/historico\/wp-json\/wp\/v2\/comments?post=280"}],"version-history":[{"count":0,"href":"https:\/\/plazajuarez.mx\/historico\/wp-json\/wp\/v2\/posts\/280\/revisions"}],"wp:attachment":[{"href":"https:\/\/plazajuarez.mx\/historico\/wp-json\/wp\/v2\/media?parent=280"}],"wp:term":[{"taxonomy":"category","embeddable":true,"href":"https:\/\/plazajuarez.mx\/historico\/wp-json\/wp\/v2\/categories?post=280"},{"taxonomy":"post_tag","embeddable":true,"href":"https:\/\/plazajuarez.mx\/historico\/wp-json\/wp\/v2\/tags?post=280"}],"curies":[{"name":"wp","href":"https:\/\/api.w.org\/{rel}","templated":true}]}}