{"id":279708,"date":"2023-09-05T12:23:41","date_gmt":"2023-09-05T18:23:41","guid":{"rendered":"https:\/\/plazajuarez.mx\/?p=279708"},"modified":"2023-09-05T12:23:43","modified_gmt":"2023-09-05T18:23:43","slug":"ebrard-realiza-encerrona-con-su-equipo-previo-a-conteo-de-boletas","status":"publish","type":"post","link":"https:\/\/plazajuarez.mx\/historico\/ebrard-realiza-encerrona-con-su-equipo-previo-a-conteo-de-boletas\/","title":{"rendered":"Ebrard realiza encerrona con su equipo previo a conteo de boletas"},"content":{"rendered":"\n<p>El aspirante Marcelo Ebrard se reunir\u00e1 con su equipo y representantes previo al conteo de boletas para definir al ganador de la encuesta de Morena.<\/p>\n\n\n\n<p>La encerrona se llevar\u00e1 a cabo en un hotel de la Ciudad de M\u00e9xico, en las inmediaciones del World Trade Center, donde se llevar\u00e1 a cabo el escrutinio de las boletas este martes.<\/p>\n\n\n\n<p>Se espera la llegada de 400 representantes y operadores del excanciller, a fin de hacer una revisi\u00f3n de las irregularidades detectadas durante el proceso.<\/p>\n\n\n\n<p>Al lugar arrib\u00f3 Manuel Mondrag\u00f3n y Kalb, qui\u00e9n fue secretario de seguridad en el gobierno capitalino de Marcelo Ebrard, y secretario de seguridad p\u00fablica en el sexenio de Enrique Pe\u00f1a Nieto.<\/p>\n","protected":false},"excerpt":{"rendered":"<p>El aspirante Marcelo Ebrard se reunir\u00e1 con su equipo y representantes previo al conteo de boletas para definir al ganador de la encuesta de Morena. La encerrona se llevar\u00e1 a cabo en un hotel de la Ciudad de M\u00e9xico, en las inmediaciones del World Trade Center, donde se llevar\u00e1 a cabo el escrutinio de las [&hellip;]<\/p>\n","protected":false},"author":81,"featured_media":279709,"comment_status":"closed","ping_status":"closed","sticky":false,"template":"","format":"standard","meta":{"footnotes":""},"categories":[15,36,2160],"tags":[],"class_list":["post-279708","post","type-post","status-publish","format-standard","has-post-thumbnail","hentry","category-destacadas","category-nacion","category-noticias-de-la-ciudad-de-mexico"],"_links":{"self":[{"href":"https:\/\/plazajuarez.mx\/historico\/wp-json\/wp\/v2\/posts\/279708","targetHints":{"allow":["GET"]}}],"collection":[{"href":"https:\/\/plazajuarez.mx\/historico\/wp-json\/wp\/v2\/posts"}],"about":[{"href":"https:\/\/plazajuarez.mx\/historico\/wp-json\/wp\/v2\/types\/post"}],"author":[{"embeddable":true,"href":"https:\/\/plazajuarez.mx\/historico\/wp-json\/wp\/v2\/users\/81"}],"replies":[{"embeddable":true,"href":"https:\/\/plazajuarez.mx\/historico\/wp-json\/wp\/v2\/comments?post=279708"}],"version-history":[{"count":0,"href":"https:\/\/plazajuarez.mx\/historico\/wp-json\/wp\/v2\/posts\/279708\/revisions"}],"wp:featuredmedia":[{"embeddable":true,"href":"https:\/\/plazajuarez.mx\/historico\/wp-json\/wp\/v2\/media\/279709"}],"wp:attachment":[{"href":"https:\/\/plazajuarez.mx\/historico\/wp-json\/wp\/v2\/media?parent=279708"}],"wp:term":[{"taxonomy":"category","embeddable":true,"href":"https:\/\/plazajuarez.mx\/historico\/wp-json\/wp\/v2\/categories?post=279708"},{"taxonomy":"post_tag","embeddable":true,"href":"https:\/\/plazajuarez.mx\/historico\/wp-json\/wp\/v2\/tags?post=279708"}],"curies":[{"name":"wp","href":"https:\/\/api.w.org\/{rel}","templated":true}]}}