{"id":2795,"date":"2015-03-26T06:00:00","date_gmt":"2015-03-26T06:00:00","guid":{"rendered":"http:\/\/plazajuarez.mx\/index\/index.php\/2015\/03\/26\/inauguran-exposicion-fuerzas-armadas-pasion-por-servir-a-mexico\/"},"modified":"2015-03-26T06:00:00","modified_gmt":"2015-03-26T06:00:00","slug":"inauguran-exposicion-fuerzas-armadas-pasion-por-servir-a-mexico","status":"publish","type":"post","link":"https:\/\/plazajuarez.mx\/historico\/inauguran-exposicion-fuerzas-armadas-pasion-por-servir-a-mexico\/","title":{"rendered":"Inauguran exposici\u00f3n \u201cFuerzas  Armadas\u2026pasi\u00f3n por servir a M\u00e9xico\u201d"},"content":{"rendered":"<ul>\n<li>Gobernador de Hidalgo reconoce y valora el trabajo de las fuerzas armadas<\/li>\n<li>La exposici\u00f3n estar\u00e1 hasta el 19 de abril del presente a\u00f1o <!--more--> \u00a0<\/li>\n<\/ul>\n<p>Como parte de los festejos alusivos a\u00a0 los 100 a\u00f1os de la creaci\u00f3n de la Fuerza A\u00e9rea Mexicana, las Secretar\u00edas de Marina y de la Defensa Nacional, invitan a la exposici\u00f3n \u201cFuerzas Armadas\u2026Pasi\u00f3n por servir a M\u00e9xico\u201d, la cual lleg\u00f3 a tierras hidalguenses desde ayer al mediod\u00eda para dar a conocer un poco m\u00e1s del quehacer diario de las fuerzas que cuidan a los mexicanos.<\/p>\n<p>\u00a0<\/p>\n<p>Ayer, alrededor del mediod\u00eda, el general Salvador Cienfuegos Zepeda, secretario de la Defensa Nacional y el Almirante Vidal Francisco Sober\u00f3n Sanz, secretario de Marina; junto con el gobernador del estado, Jos\u00e9 Francisco Olvera Ruiz, inauguraron esta exposici\u00f3n que estar\u00e1 en tierras hidalguenses hasta el 19 de abril del presente a\u00f1o y tendr\u00e1 un acceso gratuito en las instalaciones de la feria en Pachuca.<\/p>\n<p>\u00a0<\/p>\n<p>Durante la ceremonia de inauguraci\u00f3n, el general de Divisi\u00f3n P.A.D.E.M.A. Carlo Antonio Rodr\u00edguez Mungu\u00eda, quien habl\u00f3 a nombre de los integrantes del Ej\u00e9rcito, Armada y Fuerza A\u00e9rea, agradeci\u00f3 al mandatario estatal el apoyo para realizar este evento.<\/p>\n<p>\u00a0<\/p>\n<p>Asever\u00f3 que el objetivo de esta actividad \u201ces poner a la vista de la comunidad hidalguense, los diferentes medios con que disponemos para llevar a cabo el cumplimiento de nuestras misiones en toda la geograf\u00eda nacional\u201d; al tiempo en que confi\u00f3 en que este encuentro entre fuerzas armadas e hidalguense \u201crobustecer\u00e1 a\u00fan m\u00e1s el v\u00ednculo que una a las fuerzas armadas con la sociedad\u201d.<\/p>\n<p>\u00a0<\/p>\n<p>Inform\u00f3 que la muestra se ha presentado en diversas ciudades del pa\u00eds durante varios a\u00f1os y hasta hace unos d\u00edas en la ciudad de Toluca, registr\u00e1ndose una asistencia acumulada de m\u00e1s de 15 millones 700 mil visitantes, por lo que ya es una de las exposiciones itinerantes con mayor aforo hist\u00f3rico en M\u00e9xico.<\/p>\n<p>\u00a0<\/p>\n<p>La exposici\u00f3n que por primera vez se presenta en la Bella Airosa est\u00e1 integrada por 17 m\u00f3dulos y un \u00e1rea interactiva, en los que se exhiben aeronaves, veh\u00edculos, embarcaciones y diversos equipamientos.<\/p>\n<p>\u00a0<\/p>\n<p>En dichos m\u00f3dulos se podr\u00e1n apreciar, por ejemplo los viveros, pista de obst\u00e1culos infantiles, criaderos y granjas militares, \u00e1reas de ingenieros, comunicaciones, el sistema educativo militar, museos militares, domo de la Fuerza A\u00e9rea Mexicana, m\u00f3dulo de nuevas tecnolog\u00edas, igualdad de g\u00e9nero, exhibici\u00f3n de veh\u00edculos blindados, el Plan DN-111-E, la labor social, adiestramiento can\u00f3filo, adiestramiento militar y paracaidismo.<\/p>\n<p>\u00a0<\/p>\n<p>Cabe mencionar que en el domo de la Fuerza A\u00e9rea Mexicana se podr\u00e1 apreciar el embarque, desembarque y ensamble de las aeronaves y materiales de vuelo de dicha fuerza armada.<\/p>\n<p>\u00a0<\/p>\n<p>Por \u00faltimo cabe mencionar que durante su mensaje, el mandatario estatal, Jos\u00e9 Francisco Olvera, reconoci\u00f3 el trabajo, compromiso y labor diaria de las fuerzas armadas de nuestro pa\u00eds, por ello invit\u00f3 a la sociedad hidalguense a acudir a la exposici\u00f3n que estar\u00e1 abierta de 9 de la ma\u00f1ana a 6 de la tarde de Lunes a domingo, pues asegur\u00f3 que \u00e9sta muestra permitir\u00e1 que el pueblo de Hidalgo se acerque a\u00fan m\u00e1s a su ej\u00e9rcito.<\/p>\n","protected":false},"excerpt":{"rendered":"<p>Gobernador de Hidalgo reconoce y valora el trabajo de las fuerzas armadas La exposici\u00f3n estar\u00e1 hasta el 19 de abril del presente a\u00f1o<\/p>\n","protected":false},"author":93,"featured_media":0,"comment_status":"open","ping_status":"open","sticky":false,"template":"","format":"standard","meta":{"footnotes":""},"categories":[59],"tags":[],"class_list":["post-2795","post","type-post","status-publish","format-standard","hentry","category-general"],"_links":{"self":[{"href":"https:\/\/plazajuarez.mx\/historico\/wp-json\/wp\/v2\/posts\/2795","targetHints":{"allow":["GET"]}}],"collection":[{"href":"https:\/\/plazajuarez.mx\/historico\/wp-json\/wp\/v2\/posts"}],"about":[{"href":"https:\/\/plazajuarez.mx\/historico\/wp-json\/wp\/v2\/types\/post"}],"author":[{"embeddable":true,"href":"https:\/\/plazajuarez.mx\/historico\/wp-json\/wp\/v2\/users\/93"}],"replies":[{"embeddable":true,"href":"https:\/\/plazajuarez.mx\/historico\/wp-json\/wp\/v2\/comments?post=2795"}],"version-history":[{"count":0,"href":"https:\/\/plazajuarez.mx\/historico\/wp-json\/wp\/v2\/posts\/2795\/revisions"}],"wp:attachment":[{"href":"https:\/\/plazajuarez.mx\/historico\/wp-json\/wp\/v2\/media?parent=2795"}],"wp:term":[{"taxonomy":"category","embeddable":true,"href":"https:\/\/plazajuarez.mx\/historico\/wp-json\/wp\/v2\/categories?post=2795"},{"taxonomy":"post_tag","embeddable":true,"href":"https:\/\/plazajuarez.mx\/historico\/wp-json\/wp\/v2\/tags?post=2795"}],"curies":[{"name":"wp","href":"https:\/\/api.w.org\/{rel}","templated":true}]}}