{"id":27942,"date":"2016-09-06T13:33:57","date_gmt":"2016-09-06T13:33:57","guid":{"rendered":"http:\/\/plazajuarez.mx\/index\/index.php\/2016\/09\/06\/desaparece-menor-en-el-estado-de-mexico\/"},"modified":"2016-09-06T13:33:57","modified_gmt":"2016-09-06T13:33:57","slug":"desaparece-menor-en-el-estado-de-mexico","status":"publish","type":"post","link":"https:\/\/plazajuarez.mx\/historico\/desaparece-menor-en-el-estado-de-mexico\/","title":{"rendered":"DESAPARECE MENOR EN EL ESTADO DE M\u00c9XICO"},"content":{"rendered":"<p>CHICONAUTLA, ESTADO DE M\u00c9XICO <\/p>\n<p>  <!--more-->  <\/p>\n<p>Desde el pasado 25 de febrero la menor Arisbeth S\u00e1nchez Izalde, de 15 a\u00f1os de edad desapareci\u00f3 en Santa Mar\u00eda Chiconautla, Ecatepec, estado de M\u00e9xico. <br \/>La \u00faltima vez que se le vio fue saliendo de su casa rumbo a la tienda en compa\u00f1\u00eda de su hermano, cuando un hombre los subi\u00f3 a un carro, baj\u00f3 al ni\u00f1o y \u00fanicamente se llev\u00f3 a la menor.<br \/>Hasta el momento se desconoce su paradero, por lo que sus temen por la integridad de la menor Arisbeth S\u00e1nchez Izalde, ya que desde hace casi siete meses no se sabe nada de ella, no existe reporte alguno.<br \/>Si le has visto comun\u00edcate a las l\u00edneas de emergencia 066 y 089, tu denuncia es an\u00f3nima. <\/p>\n","protected":false},"excerpt":{"rendered":"<p>CHICONAUTLA, ESTADO DE M\u00c9XICO<\/p>\n","protected":false},"author":93,"featured_media":0,"comment_status":"open","ping_status":"open","sticky":false,"template":"","format":"standard","meta":{"footnotes":""},"categories":[37],"tags":[],"class_list":["post-27942","post","type-post","status-publish","format-standard","hentry","category-barandilla"],"_links":{"self":[{"href":"https:\/\/plazajuarez.mx\/historico\/wp-json\/wp\/v2\/posts\/27942","targetHints":{"allow":["GET"]}}],"collection":[{"href":"https:\/\/plazajuarez.mx\/historico\/wp-json\/wp\/v2\/posts"}],"about":[{"href":"https:\/\/plazajuarez.mx\/historico\/wp-json\/wp\/v2\/types\/post"}],"author":[{"embeddable":true,"href":"https:\/\/plazajuarez.mx\/historico\/wp-json\/wp\/v2\/users\/93"}],"replies":[{"embeddable":true,"href":"https:\/\/plazajuarez.mx\/historico\/wp-json\/wp\/v2\/comments?post=27942"}],"version-history":[{"count":0,"href":"https:\/\/plazajuarez.mx\/historico\/wp-json\/wp\/v2\/posts\/27942\/revisions"}],"wp:attachment":[{"href":"https:\/\/plazajuarez.mx\/historico\/wp-json\/wp\/v2\/media?parent=27942"}],"wp:term":[{"taxonomy":"category","embeddable":true,"href":"https:\/\/plazajuarez.mx\/historico\/wp-json\/wp\/v2\/categories?post=27942"},{"taxonomy":"post_tag","embeddable":true,"href":"https:\/\/plazajuarez.mx\/historico\/wp-json\/wp\/v2\/tags?post=27942"}],"curies":[{"name":"wp","href":"https:\/\/api.w.org\/{rel}","templated":true}]}}