{"id":27941,"date":"2016-09-06T13:33:42","date_gmt":"2016-09-06T13:33:42","guid":{"rendered":"http:\/\/plazajuarez.mx\/index\/index.php\/2016\/09\/06\/localizan-a-menor-desaparecida-el-domingo-la-arrastro-el-rio\/"},"modified":"2016-09-06T13:33:42","modified_gmt":"2016-09-06T13:33:42","slug":"localizan-a-menor-desaparecida-el-domingo-la-arrastro-el-rio","status":"publish","type":"post","link":"https:\/\/plazajuarez.mx\/historico\/localizan-a-menor-desaparecida-el-domingo-la-arrastro-el-rio\/","title":{"rendered":"LOCALIZAN A MENOR DESAPARECIDA EL DOMINGO, LA ARRASTR\u00d3 EL R\u00cdO"},"content":{"rendered":"<p>SAN MIGUEL ATOTONILCO<\/p>\n<p>  <!--more-->  <\/p>\n<p>El cuerpo de brigadas, rescatistas y elementos de seguridad, lograron localizar a la menor que lamentablemente estaba sin vida <br \/>El pasado domingo, habitantes del municipio de San Miguel Atotonilco Grande, reportaron la desaparici\u00f3n de una menor de ocho a\u00f1os de edad; de quien por motivos de seguridad se reserva su nombre.<br \/>Familiares, amigos y brigadas de rescatistas implementaron la b\u00fasqueda, debido a que las fuertes lluvias azotaban la regi\u00f3n.<br \/>Al no localizar a la menor, suspendieron la b\u00fasqueda por la noche para reiniciarla el d\u00eda de ayer lunes a muy temprana hora, con m\u00e1s pobladores de la regi\u00f3n, polic\u00eda municipal, estatal y elementos de Protecci\u00f3n Civil (PC) municipal, se sumaron para continuar con la b\u00fasqueda.<br \/>Desafortunadamente y por las intensas lluvias registradas, el r\u00edo de la comunidad El Naranjo de Mineral del Chico, increment\u00f3 su aflujo, con lo que dentro de la b\u00fasqueda se localiz\u00f3 a la menor que fue arrastrada por la corriente.<br \/>El cuerpo de brigadas y rescatistas, lograron rescatar a la menor que lamentablemente ya se encontraba sin vida. <br \/>El cuerpo fue trasladado en unidades del cuerpo de emergencias al Servicio M\u00e9dico Forense (SEMEFO) en donde se le realizar\u00e1 la necropsia de ley para determinar las causas de muerte. <\/p>\n","protected":false},"excerpt":{"rendered":"<p>SAN MIGUEL ATOTONILCO<\/p>\n","protected":false},"author":93,"featured_media":0,"comment_status":"open","ping_status":"open","sticky":false,"template":"","format":"standard","meta":{"footnotes":""},"categories":[37],"tags":[],"class_list":["post-27941","post","type-post","status-publish","format-standard","hentry","category-barandilla"],"_links":{"self":[{"href":"https:\/\/plazajuarez.mx\/historico\/wp-json\/wp\/v2\/posts\/27941","targetHints":{"allow":["GET"]}}],"collection":[{"href":"https:\/\/plazajuarez.mx\/historico\/wp-json\/wp\/v2\/posts"}],"about":[{"href":"https:\/\/plazajuarez.mx\/historico\/wp-json\/wp\/v2\/types\/post"}],"author":[{"embeddable":true,"href":"https:\/\/plazajuarez.mx\/historico\/wp-json\/wp\/v2\/users\/93"}],"replies":[{"embeddable":true,"href":"https:\/\/plazajuarez.mx\/historico\/wp-json\/wp\/v2\/comments?post=27941"}],"version-history":[{"count":0,"href":"https:\/\/plazajuarez.mx\/historico\/wp-json\/wp\/v2\/posts\/27941\/revisions"}],"wp:attachment":[{"href":"https:\/\/plazajuarez.mx\/historico\/wp-json\/wp\/v2\/media?parent=27941"}],"wp:term":[{"taxonomy":"category","embeddable":true,"href":"https:\/\/plazajuarez.mx\/historico\/wp-json\/wp\/v2\/categories?post=27941"},{"taxonomy":"post_tag","embeddable":true,"href":"https:\/\/plazajuarez.mx\/historico\/wp-json\/wp\/v2\/tags?post=27941"}],"curies":[{"name":"wp","href":"https:\/\/api.w.org\/{rel}","templated":true}]}}