{"id":27940,"date":"2016-09-06T13:33:21","date_gmt":"2016-09-06T13:33:21","guid":{"rendered":"http:\/\/plazajuarez.mx\/index\/index.php\/2016\/09\/06\/lluvias-causa-inundaciones-en-el-estado\/"},"modified":"2016-09-06T13:33:21","modified_gmt":"2016-09-06T13:33:21","slug":"lluvias-causa-inundaciones-en-el-estado","status":"publish","type":"post","link":"https:\/\/plazajuarez.mx\/historico\/lluvias-causa-inundaciones-en-el-estado\/","title":{"rendered":"LLUVIAS CAUSA INUNDACIONES EN EL ESTADO"},"content":{"rendered":"<p>\u00danicamente afectaciones urbanas (encharcamientos en vialidades), se reportaron derivado de la intensa lluvia que se registr\u00f3 la tarde de ayer, adem\u00e1s de inmensas inundaciones en la capital hidalguense.<\/p>\n<p>  <!--more-->  <\/p>\n<p>De acuerdo con el reporte meteorol\u00f3gico, para el d\u00eda de ayer se esperaban lluvias fuertes;\u00a0 Protecci\u00f3n Civil (PC) report\u00f3 afectaciones en colonias del sur y sur poniente, la dependencia se\u00f1al\u00f3 que la tormenta que se vivi\u00f3 afect\u00f3 colonias del primer cuadro de la ciudad; as\u00ed como los bulevares G. Bonfil, Felipe \u00c1ngeles y Colosio, hasta el momento no se reportaron da\u00f1os materiales fuertes.<br \/>Cuadrillas de PC realizaron recorridos en las colonias con m\u00e1s afectaciones, as\u00ed mismo los elementos de la Secretaria de Seguridad, Tr\u00e1nsito y Vialidad, brindaron el apoyo para la fluidez del tr\u00e1nsito vehicular.<br \/>La inmensa lluvia y da\u00f1os no s\u00f3lo se registraron en la capital hidalguense, tambi\u00e9n existieron reportes en la zona metropolitana de Pachuca.<br \/>Cabe resaltar que se continuar\u00e1n las bajas temperaturas y lluvias debido a una tormenta que se vive; por lo que se exhorta a la poblaci\u00f3n a comunicarse al 066 n\u00famero de Emergencias para reportar incidencias.<\/p>\n","protected":false},"excerpt":{"rendered":"<p>\u00danicamente afectaciones urbanas (encharcamientos en vialidades), se reportaron derivado de la intensa lluvia que se registr\u00f3 la tarde de ayer, adem\u00e1s de inmensas inundaciones en la capital hidalguense.<\/p>\n","protected":false},"author":93,"featured_media":0,"comment_status":"open","ping_status":"open","sticky":false,"template":"","format":"standard","meta":{"footnotes":""},"categories":[37],"tags":[],"class_list":["post-27940","post","type-post","status-publish","format-standard","hentry","category-barandilla"],"_links":{"self":[{"href":"https:\/\/plazajuarez.mx\/historico\/wp-json\/wp\/v2\/posts\/27940","targetHints":{"allow":["GET"]}}],"collection":[{"href":"https:\/\/plazajuarez.mx\/historico\/wp-json\/wp\/v2\/posts"}],"about":[{"href":"https:\/\/plazajuarez.mx\/historico\/wp-json\/wp\/v2\/types\/post"}],"author":[{"embeddable":true,"href":"https:\/\/plazajuarez.mx\/historico\/wp-json\/wp\/v2\/users\/93"}],"replies":[{"embeddable":true,"href":"https:\/\/plazajuarez.mx\/historico\/wp-json\/wp\/v2\/comments?post=27940"}],"version-history":[{"count":0,"href":"https:\/\/plazajuarez.mx\/historico\/wp-json\/wp\/v2\/posts\/27940\/revisions"}],"wp:attachment":[{"href":"https:\/\/plazajuarez.mx\/historico\/wp-json\/wp\/v2\/media?parent=27940"}],"wp:term":[{"taxonomy":"category","embeddable":true,"href":"https:\/\/plazajuarez.mx\/historico\/wp-json\/wp\/v2\/categories?post=27940"},{"taxonomy":"post_tag","embeddable":true,"href":"https:\/\/plazajuarez.mx\/historico\/wp-json\/wp\/v2\/tags?post=27940"}],"curies":[{"name":"wp","href":"https:\/\/api.w.org\/{rel}","templated":true}]}}