{"id":27937,"date":"2016-09-06T13:30:58","date_gmt":"2016-09-06T13:30:58","guid":{"rendered":"http:\/\/plazajuarez.mx\/index\/index.php\/2016\/09\/06\/toman-las-casetas-de-cuota-de-san-alejo-por-supuesta-desatencion-de-sedesol\/"},"modified":"2016-09-06T13:30:58","modified_gmt":"2016-09-06T13:30:58","slug":"toman-las-casetas-de-cuota-de-san-alejo-por-supuesta-desatencion-de-sedesol","status":"publish","type":"post","link":"https:\/\/plazajuarez.mx\/historico\/toman-las-casetas-de-cuota-de-san-alejo-por-supuesta-desatencion-de-sedesol\/","title":{"rendered":"Toman las casetas de cuota de San Alejo por supuesta desatenci\u00f3n de Sedesol"},"content":{"rendered":"<p>Tulancingo <\/p>\n<p>\u25cf\u00a0\u00a0\u00a0 Son habitantes de diversos municipios de Puebla y Veracruz\u2026 cobran el peaje<br \/>Subrayan la insensibilidad de los funcionarios encargados a nivel nacional para que sean escuchados; ni para decirles si sus proyectos est\u00e1n en positivo o negativo, o por lo menos que les hagan las observaciones t\u00e9cnicas.<\/p>\n<p>  <!--more-->  <\/p>\n<p>Alrededor de 200 personas provenientes de diversos municipios de Puebla y Veracruz, tomaron las casetas de la zona conocida como San Alejo, a la altura del municipio de Tulancingo; en demanda de atenci\u00f3n a la Secretar\u00eda de Desarrollo Social (Sedesol), cuyos dirigentes son acusados de reparto discrecional de los recursos pertenecientes a programas federales.<br \/>En representaci\u00f3n de los afectados, Ismael Basilio Mora, declar\u00f3 que este movimiento es a nivel nacional, ya que desde hace d\u00edas est\u00e1n solicitando una audiencia con el secretario o subsecretario de Desarrollo Social a nivel Federal, debido a que est\u00e1n en la incertidumbre 50 proyectos productivos que ingresaron desde hace cinco meses, y de los cu\u00e1les a\u00fan no han recibido recursos para llevarlos a cabo.<br \/>El integrante del Frente de Organizaciones Civiles e Ind\u00edgenas para el desarrollo de M\u00e9xico se\u00f1al\u00f3 que, a pesar de haber permanecido recientemente durante dos d\u00edas en oficinas centrales de la Sedesol, les fue negada la audiencia por parte de Diego Borga, director de Opciones Productivas de esta dependencia.<br \/>\u201cSon alrededor de 50 proyectos a nivel nacional; mientras que a nivel regional son unos 15 de ellos, pertenecientes a varios municipios como Pantepec,\u00a0 V. Carranza, Francisco Z. Mena, Xicotepec, Huauchinango, Tlapayola, Jopala y Naupan en Puebla; mientras que por el lado de Veracruz est\u00e1n Cuahuitl\u00e1n, Filomeno Mata, Coyutla, Espinal, Papantla y otros; y nuestra petici\u00f3n es poder sentarnos con el subsecretario o la intervenci\u00f3n Gobernaci\u00f3n para que nos resuelvan respecto a los 50 proyectos que tenemos\u201d, dijo Basilio Mora.\u00a0 <br \/>\u201cNos manifestamos de esta forma porque la gente nos pide respuestas, nos preguntan por qu\u00e9 no se han dado resultados; sino apretamos, se nos va el a\u00f1o e inician los recortes de hacienda, causando afectaciones en dichos proyectos.<br \/>Recordaron que los proyectos se ingresaron desde hace cinco meses y son en su mayor\u00eda de giros agropecuarios, es decir, granjas de cerdos, borregos, invernaderos de jitomate, de transformaci\u00f3n de caf\u00e9 y varios que tienen que ver directamente con el campo y con la econom\u00eda campesinas que se encuentran en condiciones de marginaci\u00f3n.<br \/>\u201cA nosotros nos sorprende la insensibilidad del gobierno, porque en los medios anuncian que est\u00e1n combatiendo la pobreza y el hambre; pero en la realidad en las comunidades nunca llega el recurso; pero tambi\u00e9n tenemos conocimiento que los programas se manejan de manera discrecional y para los amigos\u201d.<br \/>Hasta el momento, dijeron, optaron por tomar las casetas; pero si no tienen la disposici\u00f3n de dialogar con nosotros, aseguraron, permaneceremos aqu\u00ed e incluso podr\u00edamos tomar otras entradas como la de Indios Verdes y otras casetas en la ciudad de M\u00e9xico.<br \/>Tambi\u00e9n reconocieron que, una vez que se logre la ansiada audiencia con las autoridades, estar\u00e1n dispuestos de ver qu\u00e9 s\u00ed y qu\u00e9 no es posible; sin embargo, enfatizaron en que Diego Borga \u201cnos amenaz\u00f3 y nos intimid\u00f3 en la ciudad de M\u00e9xico\u201d.<br \/>Al preguntarles sobre la situaci\u00f3n de aprobaci\u00f3n de sus proyectos, los manifestantes se\u00f1alaron que la cuesti\u00f3n t\u00e9cnica es lo de menos; ya que los recursos van para otras personas, pasen o no pasen los proyectos presentados.<br \/>Con estos proyectos se benefician alrededor de 300 familias, aseguraron.<br \/>Finalmente, informaron que de este movimiento tiene conocimiento la Sedesol a nivel nacional, por lo que esperan una llamada para poder levantar el bloqueo, en caso de que las autoridades se sienten a dialogar. De lo contrario, permanecer\u00e1n por tiempo indefinido.<br \/>Al cierre de esta edici\u00f3n, se manten\u00edan tomadas las casetas de cuota por los comuneros, quienes realizaban el cobro de peaje a particulares y transporte p\u00fablico que quisieran hacer uso del paso vehicular.<\/p>\n","protected":false},"excerpt":{"rendered":"<p>Tulancingo \u25cf\u00a0\u00a0\u00a0 Son habitantes de diversos municipios de Puebla y Veracruz\u2026 cobran el peajeSubrayan la insensibilidad de los funcionarios encargados a nivel nacional para que sean escuchados; ni para decirles si sus proyectos est\u00e1n en positivo o negativo, o por lo menos que les hagan las observaciones t\u00e9cnicas.<\/p>\n","protected":false},"author":93,"featured_media":0,"comment_status":"open","ping_status":"open","sticky":false,"template":"","format":"standard","meta":{"footnotes":""},"categories":[40],"tags":[],"class_list":["post-27937","post","type-post","status-publish","format-standard","hentry","category-region"],"_links":{"self":[{"href":"https:\/\/plazajuarez.mx\/historico\/wp-json\/wp\/v2\/posts\/27937","targetHints":{"allow":["GET"]}}],"collection":[{"href":"https:\/\/plazajuarez.mx\/historico\/wp-json\/wp\/v2\/posts"}],"about":[{"href":"https:\/\/plazajuarez.mx\/historico\/wp-json\/wp\/v2\/types\/post"}],"author":[{"embeddable":true,"href":"https:\/\/plazajuarez.mx\/historico\/wp-json\/wp\/v2\/users\/93"}],"replies":[{"embeddable":true,"href":"https:\/\/plazajuarez.mx\/historico\/wp-json\/wp\/v2\/comments?post=27937"}],"version-history":[{"count":0,"href":"https:\/\/plazajuarez.mx\/historico\/wp-json\/wp\/v2\/posts\/27937\/revisions"}],"wp:attachment":[{"href":"https:\/\/plazajuarez.mx\/historico\/wp-json\/wp\/v2\/media?parent=27937"}],"wp:term":[{"taxonomy":"category","embeddable":true,"href":"https:\/\/plazajuarez.mx\/historico\/wp-json\/wp\/v2\/categories?post=27937"},{"taxonomy":"post_tag","embeddable":true,"href":"https:\/\/plazajuarez.mx\/historico\/wp-json\/wp\/v2\/tags?post=27937"}],"curies":[{"name":"wp","href":"https:\/\/api.w.org\/{rel}","templated":true}]}}