{"id":27936,"date":"2016-09-06T13:30:34","date_gmt":"2016-09-06T13:30:34","guid":{"rendered":"http:\/\/plazajuarez.mx\/index\/index.php\/2016\/09\/06\/donan-mil-500-pinos-para-fortalecer-reforestacion\/"},"modified":"2016-09-06T13:30:34","modified_gmt":"2016-09-06T13:30:34","slug":"donan-mil-500-pinos-para-fortalecer-reforestacion","status":"publish","type":"post","link":"https:\/\/plazajuarez.mx\/historico\/donan-mil-500-pinos-para-fortalecer-reforestacion\/","title":{"rendered":"Donan mil 500 pinos para fortalecer reforestaci\u00f3n"},"content":{"rendered":"<p>Tulancingo <\/p>\n<p>\u25cf\u00a0\u00a0\u00a0 En la administraci\u00f3n de Julio Soto se benefici\u00f3 con donaciones a 10 colonias y comunidades del \u00e1mbito rural<br \/>Se llevaron a cabo programas de reforestaci\u00f3n que tienen su origen en\u00a0 gestiones ante la Comisi\u00f3n Nacional Forestal y reposiciones de \u00e1rboles derribados<\/p>\n<p>  <!--more-->  <\/p>\n<p>La Direcci\u00f3n de Medio Ambiente municipal recibi\u00f3 notificaci\u00f3n de la Comisi\u00f3n Nacional Forestal en la que se formaliza una nueva donaci\u00f3n de mil 500 \u00e1rboles (pino greggi) los cuales reforzar\u00e1n esquemas de reforestaci\u00f3n que se aplican en colonias y comunidades del municipio.<br \/>Esta donaci\u00f3n, dijo la directora de Medio Ambiente, Windy\u00a0 Guerrero, es la\u00a0 \u00faltima de esta administraci\u00f3n y por lo tanto los \u00e1rboles de 30 cent\u00edmetros comenzaron a distribuirse el fin de semana a fin de confirmar que sean plantados en sitios propicios.<br \/>Esta especie de pino se recomienda para zonas forestales o cercos vivos en campos de cultivo; Es decir que ninguno de ellos quedar\u00e1\u00a0 plantado en \u00e1reas\u00a0 urbanas. Con esta donaci\u00f3n de arbolado se beneficiar\u00eda a zonas como Acocul la Palma;\u00a0 Jaltepec; Santa Mar\u00eda Asunci\u00f3n, por citar parte<br \/>Cabe mencionar que esta donaci\u00f3n se formaliza en una temporada propicia para garantizar la supervivencia del total de los \u00e1rboles; Siempre y cuando el riego sea constante ya sea de manera natural por las lluvias o el cuidado de quienes los plantar\u00e1n.<br \/>En el municipio se cuenta con importantes reservas de masa arb\u00f3rea\u00a0 predominantemente en el \u00e1rea urbana as\u00ed como en localidades, entre ellas:\u00a0 San Antonio Far\u00edas, Medias Tierras; Cerro de Napateco, una parte de El Abra , As\u00ed como los ejidos Jaltepec, Santa Mar\u00eda Asunci\u00f3n y Tulancingo.<\/p>\n","protected":false},"excerpt":{"rendered":"<p>Tulancingo \u25cf\u00a0\u00a0\u00a0 En la administraci\u00f3n de Julio Soto se benefici\u00f3 con donaciones a 10 colonias y comunidades del \u00e1mbito ruralSe llevaron a cabo programas de reforestaci\u00f3n que tienen su origen en\u00a0 gestiones ante la Comisi\u00f3n Nacional Forestal y reposiciones de \u00e1rboles derribados<\/p>\n","protected":false},"author":93,"featured_media":0,"comment_status":"open","ping_status":"open","sticky":false,"template":"","format":"standard","meta":{"footnotes":""},"categories":[40],"tags":[],"class_list":["post-27936","post","type-post","status-publish","format-standard","hentry","category-region"],"_links":{"self":[{"href":"https:\/\/plazajuarez.mx\/historico\/wp-json\/wp\/v2\/posts\/27936","targetHints":{"allow":["GET"]}}],"collection":[{"href":"https:\/\/plazajuarez.mx\/historico\/wp-json\/wp\/v2\/posts"}],"about":[{"href":"https:\/\/plazajuarez.mx\/historico\/wp-json\/wp\/v2\/types\/post"}],"author":[{"embeddable":true,"href":"https:\/\/plazajuarez.mx\/historico\/wp-json\/wp\/v2\/users\/93"}],"replies":[{"embeddable":true,"href":"https:\/\/plazajuarez.mx\/historico\/wp-json\/wp\/v2\/comments?post=27936"}],"version-history":[{"count":0,"href":"https:\/\/plazajuarez.mx\/historico\/wp-json\/wp\/v2\/posts\/27936\/revisions"}],"wp:attachment":[{"href":"https:\/\/plazajuarez.mx\/historico\/wp-json\/wp\/v2\/media?parent=27936"}],"wp:term":[{"taxonomy":"category","embeddable":true,"href":"https:\/\/plazajuarez.mx\/historico\/wp-json\/wp\/v2\/categories?post=27936"},{"taxonomy":"post_tag","embeddable":true,"href":"https:\/\/plazajuarez.mx\/historico\/wp-json\/wp\/v2\/tags?post=27936"}],"curies":[{"name":"wp","href":"https:\/\/api.w.org\/{rel}","templated":true}]}}