{"id":27935,"date":"2016-09-06T13:29:55","date_gmt":"2016-09-06T13:29:55","guid":{"rendered":"http:\/\/plazajuarez.mx\/index\/index.php\/2016\/09\/06\/transcurre-sin-incidentes-toma-de-protesta\/"},"modified":"2016-09-06T13:29:55","modified_gmt":"2016-09-06T13:29:55","slug":"transcurre-sin-incidentes-toma-de-protesta","status":"publish","type":"post","link":"https:\/\/plazajuarez.mx\/historico\/transcurre-sin-incidentes-toma-de-protesta\/","title":{"rendered":"Transcurre sin incidentes toma de protesta"},"content":{"rendered":"<p>Cuautepec<\/p>\n<p>\u25cf\u00a0\u00a0\u00a0 La Alcaldesa electa present\u00f3 parte de su equipo de trabajo<br \/>La Presidenta Municipal adelant\u00f3 los ejes rectores que contemplar\u00e1 el Plan Municipal de Desarrollo, integrados por Vida Democr\u00e1tica, Social y Libertades; Estado de Derecho y Seguridad; Pol\u00edtica Econ\u00f3mica; Pol\u00edtica Ambiental y Gobierno.<\/p>\n<p>  <!--more-->  <\/p>\n<p>A pesar de ser uno de los municipios m\u00e1s impugnados durante el pasado proceso electoral, ayer se llev\u00f3 a cabo sin incidentes la Toma de Protesta del Honorable Ayuntamiento 2016-2020, el cual, a partir de ayer, est\u00e1 integrado por la presidenta municipal, Hayde\u00e9 Garc\u00eda Acosta; el s\u00edndico hacendario, Regino Garc\u00eda Luque\u00f1o (PRI) y la s\u00edndico jur\u00eddico, Mar\u00eda Silvia Mu\u00f1oz Maldonado (PANAL).<br \/>Durante el evento se inform\u00f3 y present\u00f3 a cada uno de los integrantes del Cabildo, el cual contar\u00e1 con 15 regidores: Flora Mu\u00f1oz Carrasco (PRI); Emilio Quiroz Ram\u00edrez (PRI); Sara Vargas Perales (PRI); Manuel Edgardo Ch\u00e1vez Arteaga (PRI); Laura Islas (PRI); Guadalupe Vera Garrido (PRI); Monserrat Feliciano Olivares (PRI); Jos\u00e9 del Carmen Reyes Barranco (PRI); Mar\u00eda Gracia Jim\u00e9nez Rosas (PRI);Jaime Ortega \u00c1vila (Panal); Omar Misael Calva Liberato (PVEM); Romeo Corona Garc\u00eda (PAN); Fernando L\u00f3pez Flores (Independiente); Juana Olmedo Estrada (Morena) y Jaime Hern\u00e1ndez Amador (PRD).\u00a0\u00a0\u00a0 <br \/>Durante su mensaje, la Alcaldesa resalt\u00f3 que su gobierno ser\u00e1 cercano a la ciudadan\u00eda \u201cel rumbo de las acciones p\u00fablicas lo debe marcar la sociedad; ser\u00e1 un entorno a favor de sus aspiraciones, intereses o demandas. \u201cMe propongo diariamente ganar su confianza y credibilidad, mediante el ejercicio del poder p\u00fablico conferido. Tambi\u00e9n, se vigilar\u00e1 el actuar de los servidores p\u00fablicos, que deber\u00e1 ser en apego a la ley\u201d, manifest\u00f3 ante los presentes.<br \/>Puntualiz\u00f3 que la familia ser\u00e1 eje central y transversal de las pol\u00edticas p\u00fablicas, programas y acciones que ejecute el gobierno local, \u201cEstoy a favor de la ni\u00f1ez y la juventud, no perderemos de vista sus derechos espec\u00edficos y necesidades; actuaremos en consecuencia\u201d.<br \/>Agreg\u00f3 que ser\u00e1 necesario mejorar la comunicaci\u00f3n entre gobierno y sociedad, para ampliar los cauces de participaci\u00f3n y corresponsabilidad en el desarrollo del municipio.<br \/>Se comprometi\u00f3 a trabajar \u201cde la mano\u201d con delegados y subdelegados, porque son parte de su equipo de trabajo, adem\u00e1s de visitarlos peri\u00f3dicamente para tomar acuerdos. Invit\u00f3 al Ayuntamiento a responder a un solo compromiso, \u201csuperemos nuestras diferencias para alcanzar consensos; que nuestro voto sirva para construir y avanzar, tambi\u00e9n, para advertir y corregir\u201d.<\/p>\n","protected":false},"excerpt":{"rendered":"<p>Cuautepec \u25cf\u00a0\u00a0\u00a0 La Alcaldesa electa present\u00f3 parte de su equipo de trabajoLa Presidenta Municipal adelant\u00f3 los ejes rectores que contemplar\u00e1 el Plan Municipal de Desarrollo, integrados por Vida Democr\u00e1tica, Social y Libertades; Estado de Derecho y Seguridad; Pol\u00edtica Econ\u00f3mica; Pol\u00edtica Ambiental y Gobierno.<\/p>\n","protected":false},"author":93,"featured_media":0,"comment_status":"open","ping_status":"open","sticky":false,"template":"","format":"standard","meta":{"footnotes":""},"categories":[40],"tags":[],"class_list":["post-27935","post","type-post","status-publish","format-standard","hentry","category-region"],"_links":{"self":[{"href":"https:\/\/plazajuarez.mx\/historico\/wp-json\/wp\/v2\/posts\/27935","targetHints":{"allow":["GET"]}}],"collection":[{"href":"https:\/\/plazajuarez.mx\/historico\/wp-json\/wp\/v2\/posts"}],"about":[{"href":"https:\/\/plazajuarez.mx\/historico\/wp-json\/wp\/v2\/types\/post"}],"author":[{"embeddable":true,"href":"https:\/\/plazajuarez.mx\/historico\/wp-json\/wp\/v2\/users\/93"}],"replies":[{"embeddable":true,"href":"https:\/\/plazajuarez.mx\/historico\/wp-json\/wp\/v2\/comments?post=27935"}],"version-history":[{"count":0,"href":"https:\/\/plazajuarez.mx\/historico\/wp-json\/wp\/v2\/posts\/27935\/revisions"}],"wp:attachment":[{"href":"https:\/\/plazajuarez.mx\/historico\/wp-json\/wp\/v2\/media?parent=27935"}],"wp:term":[{"taxonomy":"category","embeddable":true,"href":"https:\/\/plazajuarez.mx\/historico\/wp-json\/wp\/v2\/categories?post=27935"},{"taxonomy":"post_tag","embeddable":true,"href":"https:\/\/plazajuarez.mx\/historico\/wp-json\/wp\/v2\/tags?post=27935"}],"curies":[{"name":"wp","href":"https:\/\/api.w.org\/{rel}","templated":true}]}}