{"id":279344,"date":"2023-09-04T06:20:03","date_gmt":"2023-09-04T12:20:03","guid":{"rendered":"https:\/\/plazajuarez.mx\/?p=279344"},"modified":"2023-09-04T06:20:09","modified_gmt":"2023-09-04T12:20:09","slug":"la-casa-de-los-politicos","status":"publish","type":"post","link":"https:\/\/plazajuarez.mx\/historico\/la-casa-de-los-politicos\/","title":{"rendered":"\u00a1La casa de los pol\u00edticos!"},"content":{"rendered":"\n<h2 class=\"wp-block-heading\">Pulso del Mezquital <\/h2>\n\n\n\n<p>Imagine usted a qu\u00e9 pol\u00edtico meter\u00eda en la casa de los famosos regi\u00f3n cuatro de su respectivo terru\u00f1o<\/p>\n\n\n\n<p>Pocas veces la televisi\u00f3n ha dejado algo positivo en la sociedad mexicana, que por mucho tiempo fue la cajita china para beneficio de los gobernantes en turno y que l\u00f3gicamente, se convirti\u00f3 en la enemiga p\u00fablica de los resentidazos sociales, que con solo escuchar su nombre, se les erizan los pelos, como panistas ante los libros de texto.&nbsp;<\/p>\n\n\n\n<p>Y es que los panistas, esos que comen santo y zurran diablo, por un lado reprenden a los libros de texto, nom\u00e1s porque en educaci\u00f3n sexual, antes estaba prohibido y ahora hasta tarea van a dejar, sin embargo, s\u00ed apoyan a una candidata cuyos vicios ya dijo, est\u00e1n la lujuria y que obviamente esas palabras en boca de alguien del partido en el poder, hubieran provocado una jornada de oraciones y persignaciones monumentales.&nbsp;<\/p>\n\n\n\n<p>As\u00ed que a estas alturas, ya no sabemos si para los panistas es una bendici\u00f3n que X\u00f3chitl G\u00e1lvez sea su candidata o bien, la cruz con la que van a cargar, no por la derrota anunciada y adelantada, sino porque simplemente no representa las buenas costumbres que este partido pregona, bueno s\u00ed, la de hacer negocios al amparo del poder.&nbsp;<\/p>\n\n\n\n<p>Pero volviendo al principio, sucede que la televisi\u00f3n mexicana ha dado una muy buena idea para elegir al mejor candidato para cualquiera de los cargos de elecci\u00f3n popular que se estar\u00e1n disputando el pr\u00f3ximo a\u00f1o, con estas medidas, los ciudadanos nos estar\u00edamos ahorrando miles de pesos en campa\u00f1as y dejar de estar escuchando cientos de horas spots y las m\u00e1s incre\u00edbles barbaridades que har\u00e1n para convencer al electorado.&nbsp;<\/p>\n\n\n\n<p>Si a todos los candidatos y aspirantes a cargos de elecci\u00f3n popular los encerr\u00e1ramos en una casa, vigilados las 24 horas con c\u00e1maras transmitiendo en vivo, nos ahorrar\u00edamos un espect\u00e1culo caro y sumamente malo, por uno m\u00e1s entretenido y conociendo sus m\u00e1s obscuros secretos, deseos, sue\u00f1os y hasta sus trucos m\u00e1s atrevidos para ganarse la simpat\u00eda de los ciudadanos, mientras que ac\u00e1 afuera, nos estar\u00edamos comiendo las u\u00f1as ante los vericuetos, contrabando y traici\u00f3n.&nbsp;<\/p>\n\n\n\n<p>En tanto, que los fans ir\u00edan a gritar su apoyo en el exterior, entonces ah\u00ed ver\u00edamos qu\u00e9 clase de personas estar\u00edan ayudando, desde la chairiza de a pie, damitas embelesadas y hasta de la comunidad, la comunidad huachicolera y otros de moral distra\u00edda y reputaci\u00f3n cuestionable, que estar\u00edan ech\u00e1ndole porras a su favorito o favorita, as\u00ed entonces, nos ahorrar\u00edamos campa\u00f1as, promesas incumplidas, pero sobretodo, enterarnos de sus vidas privadas que es lo que m\u00e1s importa en estos asuntos p\u00fablicos.&nbsp;<\/p>\n\n\n\n<p>Obviamente, es una muy mala idea para esos pol\u00edticos mulas, que hayan dejado alguna novia despechada o que en la primaria le hayan quitado su lonche a alg\u00fan compa\u00f1ero, porque entonces s\u00ed, sabr\u00e1n lo que es bueno, porque si algo tenemos los mexicanos, es que el rencor lo administramos para cuando justo se necesita exhibir a ese desdichado o desdichada que nos hizo la vida de cuadritos o por el simple hecho de ver arder el mundo.&nbsp;<\/p>\n\n\n\n<p>En tanto, imagine usted a qu\u00e9 pol\u00edtico meter\u00eda en la casa de los famosos regi\u00f3n cuatro de su respectivo terru\u00f1o.&nbsp;<\/p>\n\n\n\n<p>En corto:<\/p>\n\n\n\n<ul class=\"wp-block-list\">\n<li>Esta semana, el municipio de Mixquiahuala, volver\u00e1 a ser noticia, pues el cabildo discutir\u00e1 la licencia del presidente municipal, Jos\u00e9 Ram\u00f3n Amieva, asimismo a quien habr\u00e1 de sustituirlo.&nbsp;<\/li>\n<\/ul>\n\n\n\n<p>S\u00edganme en Twitter y en Instagram:<\/p>\n\n\n\n<p>&nbsp;@Marko Caba\u00f1as&nbsp;<\/p>\n","protected":false},"excerpt":{"rendered":"<p>Pulso del Mezquital Imagine usted a qu\u00e9 pol\u00edtico meter\u00eda en la casa de los famosos regi\u00f3n cuatro de su respectivo terru\u00f1o Pocas veces la televisi\u00f3n ha dejado algo positivo en la sociedad mexicana, que por mucho tiempo fue la cajita china para beneficio de los gobernantes en turno y que l\u00f3gicamente, se convirti\u00f3 en la [&hellip;]<\/p>\n","protected":false},"author":75,"featured_media":241758,"comment_status":"closed","ping_status":"closed","sticky":false,"template":"","format":"standard","meta":{"footnotes":""},"categories":[87,42],"tags":[],"class_list":["post-279344","post","type-post","status-publish","format-standard","has-post-thumbnail","hentry","category-marco-cabanas","category-nuestrapalabra"],"_links":{"self":[{"href":"https:\/\/plazajuarez.mx\/historico\/wp-json\/wp\/v2\/posts\/279344","targetHints":{"allow":["GET"]}}],"collection":[{"href":"https:\/\/plazajuarez.mx\/historico\/wp-json\/wp\/v2\/posts"}],"about":[{"href":"https:\/\/plazajuarez.mx\/historico\/wp-json\/wp\/v2\/types\/post"}],"author":[{"embeddable":true,"href":"https:\/\/plazajuarez.mx\/historico\/wp-json\/wp\/v2\/users\/75"}],"replies":[{"embeddable":true,"href":"https:\/\/plazajuarez.mx\/historico\/wp-json\/wp\/v2\/comments?post=279344"}],"version-history":[{"count":0,"href":"https:\/\/plazajuarez.mx\/historico\/wp-json\/wp\/v2\/posts\/279344\/revisions"}],"wp:featuredmedia":[{"embeddable":true,"href":"https:\/\/plazajuarez.mx\/historico\/wp-json\/wp\/v2\/media\/241758"}],"wp:attachment":[{"href":"https:\/\/plazajuarez.mx\/historico\/wp-json\/wp\/v2\/media?parent=279344"}],"wp:term":[{"taxonomy":"category","embeddable":true,"href":"https:\/\/plazajuarez.mx\/historico\/wp-json\/wp\/v2\/categories?post=279344"},{"taxonomy":"post_tag","embeddable":true,"href":"https:\/\/plazajuarez.mx\/historico\/wp-json\/wp\/v2\/tags?post=279344"}],"curies":[{"name":"wp","href":"https:\/\/api.w.org\/{rel}","templated":true}]}}