{"id":27933,"date":"2016-09-06T13:29:20","date_gmt":"2016-09-06T13:29:20","guid":{"rendered":"http:\/\/plazajuarez.mx\/index\/index.php\/2016\/09\/06\/formaran-frente-comun-antagonico-a-segundo-gobierno-panista\/"},"modified":"2016-09-06T13:29:20","modified_gmt":"2016-09-06T13:29:20","slug":"formaran-frente-comun-antagonico-a-segundo-gobierno-panista","status":"publish","type":"post","link":"https:\/\/plazajuarez.mx\/historico\/formaran-frente-comun-antagonico-a-segundo-gobierno-panista\/","title":{"rendered":"Formar\u00e1n frente com\u00fan antag\u00f3nico a segundo gobierno panista"},"content":{"rendered":"<p>Ixmiquilpan<\/p>\n<p>\u25cf\u00a0\u00a0\u00a0 Lo conformar\u00e1n PRI; Morena; una parte del PRD; partidos de oposici\u00f3n y organizaciones pol\u00edticas y civiles <br \/>Buscan no cometer los mismos errores cometidos con la administraci\u00f3n anterior, donde el bloque opositor dentro de la asamblea municipal no tuvo los efectos esperados sobre el hoy diputado Cipriano Charrez Pedraza. <\/p>\n<p>  <!--more-->  <\/p>\n<p>Ante el arribo del gobierno municipal, el segundo del Partido Acci\u00f3n Nacional (PAN) y tambi\u00e9n de los hermanos Charrez Pedraza, partidos de oposici\u00f3n y organizaciones civiles, pretenden conformar un frente com\u00fan antag\u00f3nico que tiene como esp\u00edritu fortalecer una oposici\u00f3n. <br \/>Una fuente de los organizadores expone, este frente estar\u00eda incluido el Partido Revolucionario Institucional (PRI), parte del PRD, incluso el Movimiento de Regeneraci\u00f3n Nacional (Morena), algunas organizaciones pol\u00edticas y el apoyo e impulso del grupo Teph\u00e9. <br \/>Seg\u00fan el esp\u00edritu de la misma, a partir del cabildo, conformar un grupo de poder articulado, que no se cometan los mismos errores de la actual administraci\u00f3n, donde el bloque opositor dentro de la asamblea municipal no tuvo los efectos esperados sobre el hoy diputado Cipriano Charrez Pedraza. <br \/>Tiene como finalidad tambi\u00e9n ejercer el poder de los regidores y la s\u00edndico, a partir de la fiscalizaci\u00f3n de los recursos p\u00fablicos, la vigilancia permanente de las acciones del ejecutivo y de la propia administraci\u00f3n. <br \/>El trabajo de los regidores del PRI y la s\u00edndico, ser\u00e1n respaldados por este movimiento externo, desde la sociedad, con el objetivo de evitar su vulnerabilidad ante posibles acciones sociales por parte del presidente municipal, Pascual Charrez Pedraza. <br \/>Asimismo, desde la sociedad con el movimiento social creado por estos partidos y organizaciones, realizar acciones de tipo social presuntamente para hacer valer una oposici\u00f3n que mantenga fuerza hasta el t\u00e9rmino de la administraci\u00f3n.<br \/>Para hacerlo oficial, esperar\u00e1n la renovaci\u00f3n de la dirigencia del PRI en Ixmiquilpan, debido a que este proceso qued\u00f3 suspendido debido al cambio de poderes en la entidad. <br \/>De acuerdo a la fuente, la reciente visita del presidente del PRI en Hidalgo, Alberto Mel\u00e9ndez Apodaca, fue para ese fin, comenzar con el proceso de renovaci\u00f3n en el comit\u00e9 de Ixmiquilpan. <br \/>Durante el gobierno de Cipriano Charrez Pedraza, acciones sociales como: dos marchas denominadas por \u201cla paz\u201d; un bloque opositor conformado por siete regidores y los dos s\u00edndicos, manifestaciones en redes sociales y a trav\u00e9s de algunos espectaculares, fueron encabezadas por grupos opositores al entonces alcalde. <\/p>\n","protected":false},"excerpt":{"rendered":"<p>Ixmiquilpan \u25cf\u00a0\u00a0\u00a0 Lo conformar\u00e1n PRI; Morena; una parte del PRD; partidos de oposici\u00f3n y organizaciones pol\u00edticas y civiles Buscan no cometer los mismos errores cometidos con la administraci\u00f3n anterior, donde el bloque opositor dentro de la asamblea municipal no tuvo los efectos esperados sobre el hoy diputado Cipriano Charrez Pedraza.<\/p>\n","protected":false},"author":93,"featured_media":0,"comment_status":"open","ping_status":"open","sticky":false,"template":"","format":"standard","meta":{"footnotes":""},"categories":[40],"tags":[],"class_list":["post-27933","post","type-post","status-publish","format-standard","hentry","category-region"],"_links":{"self":[{"href":"https:\/\/plazajuarez.mx\/historico\/wp-json\/wp\/v2\/posts\/27933","targetHints":{"allow":["GET"]}}],"collection":[{"href":"https:\/\/plazajuarez.mx\/historico\/wp-json\/wp\/v2\/posts"}],"about":[{"href":"https:\/\/plazajuarez.mx\/historico\/wp-json\/wp\/v2\/types\/post"}],"author":[{"embeddable":true,"href":"https:\/\/plazajuarez.mx\/historico\/wp-json\/wp\/v2\/users\/93"}],"replies":[{"embeddable":true,"href":"https:\/\/plazajuarez.mx\/historico\/wp-json\/wp\/v2\/comments?post=27933"}],"version-history":[{"count":0,"href":"https:\/\/plazajuarez.mx\/historico\/wp-json\/wp\/v2\/posts\/27933\/revisions"}],"wp:attachment":[{"href":"https:\/\/plazajuarez.mx\/historico\/wp-json\/wp\/v2\/media?parent=27933"}],"wp:term":[{"taxonomy":"category","embeddable":true,"href":"https:\/\/plazajuarez.mx\/historico\/wp-json\/wp\/v2\/categories?post=27933"},{"taxonomy":"post_tag","embeddable":true,"href":"https:\/\/plazajuarez.mx\/historico\/wp-json\/wp\/v2\/tags?post=27933"}],"curies":[{"name":"wp","href":"https:\/\/api.w.org\/{rel}","templated":true}]}}