{"id":278966,"date":"2023-09-01T08:12:24","date_gmt":"2023-09-01T14:12:24","guid":{"rendered":"https:\/\/plazajuarez.mx\/?p=278966"},"modified":"2023-09-01T08:12:26","modified_gmt":"2023-09-01T14:12:26","slug":"putin-y-erdogan-se-reuniran-el-4-de-septiembre-en-sochi-segun-el-kremlin","status":"publish","type":"post","link":"https:\/\/plazajuarez.mx\/historico\/putin-y-erdogan-se-reuniran-el-4-de-septiembre-en-sochi-segun-el-kremlin\/","title":{"rendered":"Putin y Erdogan se reunir\u00e1n el 4 de septiembre en Sochi, seg\u00fan el Kremlin"},"content":{"rendered":"\n<p>El presidente de Rusia, Vlad\u00edmir Putin, y su hom\u00f3logo turco, Recep Tayyip Erdogan, se reunir\u00e1n el pr\u00f3ximo 4 se septiembre en el balneario ruso de Sochi para hablar de la guerra en Ucrania y la reanudaci\u00f3n de los acuerdos del grano del mar Negro.<\/p>\n\n\n\n<p>&#8220;Las negociaciones, efectivamente, tendr\u00e1n lugar el lunes, en Sochi&#8221;, confirm\u00f3 hoy el portavoz del Kremlin, Dmitri Peskov, en su rueda de prensa diaria.<\/p>\n\n\n\n<p>Peskov agreg\u00f3 que las conversaciones entre ambos l\u00edderes tendr\u00e1n lugar &#8220;a mediod\u00eda&#8221;.<\/p>\n\n\n\n<p>Ser\u00e1 el primer encuentro entre Putin y Erdogan tras la salida de Mosc\u00fa, en julio pasado, del pacto para la exportaci\u00f3n del grano a trav\u00e9s del mar Negro, arguyendo el incumplimiento de la &#8220;parte rusa&#8221; de ese acuerdo.<\/p>\n\n\n\n<p>El anterior encuentro entre los presidentes ruso y turco tuvo lugar el 13 de octubre del a\u00f1o pasado en Astan\u00e1.<\/p>\n\n\n\n<p>A la vez, ambos hablaron por tel\u00e9fono el 2 de agosto de este a\u00f1o.<\/p>\n\n\n\n<p>La cumbre en Sochi tiene lugar d\u00edas despu\u00e9s de las negociaciones ruso-turcas a nivel de ministros de Exteriores que acogi\u00f3 Mosc\u00fa esta semana.<\/p>\n\n\n\n<p>Turqu\u00eda considera que no hay alternativa a la Iniciativa del mar Negro, que oper\u00f3 durante un a\u00f1o.<\/p>\n\n\n\n<p>Mientras, Rusia quiere proponer a Turqu\u00eda el suministro de 1 mill\u00f3n de toneladas de grano ruso a un precio reducido para que el cereal pueda ser procesado en empresas turcas y enviado posteriormente a los pa\u00edses m\u00e1s necesitados.<\/p>\n\n\n\n<p>Esta propuesta rusa, que contar\u00eda con el apoyo financiero de Catar, es una iniciativa del presidente ruso y Mosc\u00fa la considera &#8220;una alternativa \u00f3ptima al acuerdo del mar Negro&#8221; para la exportaci\u00f3n de grano ucraniano y el cereal y los fertilizantes rusos.<\/p>\n","protected":false},"excerpt":{"rendered":"<p>El presidente de Rusia, Vlad\u00edmir Putin, y su hom\u00f3logo turco, Recep Tayyip Erdogan, se reunir\u00e1n el pr\u00f3ximo 4 se septiembre en el balneario ruso de Sochi para hablar de la guerra en Ucrania y la reanudaci\u00f3n de los acuerdos del grano del mar Negro. &#8220;Las negociaciones, efectivamente, tendr\u00e1n lugar el lunes, en Sochi&#8221;, confirm\u00f3 hoy [&hellip;]<\/p>\n","protected":false},"author":80,"featured_media":278967,"comment_status":"closed","ping_status":"closed","sticky":false,"template":"","format":"standard","meta":{"footnotes":""},"categories":[1],"tags":[],"class_list":["post-278966","post","type-post","status-publish","format-standard","has-post-thumbnail","hentry","category-uncategorized"],"_links":{"self":[{"href":"https:\/\/plazajuarez.mx\/historico\/wp-json\/wp\/v2\/posts\/278966","targetHints":{"allow":["GET"]}}],"collection":[{"href":"https:\/\/plazajuarez.mx\/historico\/wp-json\/wp\/v2\/posts"}],"about":[{"href":"https:\/\/plazajuarez.mx\/historico\/wp-json\/wp\/v2\/types\/post"}],"author":[{"embeddable":true,"href":"https:\/\/plazajuarez.mx\/historico\/wp-json\/wp\/v2\/users\/80"}],"replies":[{"embeddable":true,"href":"https:\/\/plazajuarez.mx\/historico\/wp-json\/wp\/v2\/comments?post=278966"}],"version-history":[{"count":0,"href":"https:\/\/plazajuarez.mx\/historico\/wp-json\/wp\/v2\/posts\/278966\/revisions"}],"wp:featuredmedia":[{"embeddable":true,"href":"https:\/\/plazajuarez.mx\/historico\/wp-json\/wp\/v2\/media\/278967"}],"wp:attachment":[{"href":"https:\/\/plazajuarez.mx\/historico\/wp-json\/wp\/v2\/media?parent=278966"}],"wp:term":[{"taxonomy":"category","embeddable":true,"href":"https:\/\/plazajuarez.mx\/historico\/wp-json\/wp\/v2\/categories?post=278966"},{"taxonomy":"post_tag","embeddable":true,"href":"https:\/\/plazajuarez.mx\/historico\/wp-json\/wp\/v2\/tags?post=278966"}],"curies":[{"name":"wp","href":"https:\/\/api.w.org\/{rel}","templated":true}]}}