{"id":278954,"date":"2023-09-01T08:11:43","date_gmt":"2023-09-01T14:11:43","guid":{"rendered":"https:\/\/plazajuarez.mx\/?p=278954"},"modified":"2023-09-01T08:11:45","modified_gmt":"2023-09-01T14:11:45","slug":"el-gobierno-de-hidalgo-esta-enfocado-en-revertir-carencias","status":"publish","type":"post","link":"https:\/\/plazajuarez.mx\/historico\/el-gobierno-de-hidalgo-esta-enfocado-en-revertir-carencias\/","title":{"rendered":"El Gobierno de Hidalgo est\u00e1\u00a0enfocado en revertir carencias\u00a0"},"content":{"rendered":"\n<p>Fiel a su compromiso de mantenerse cercano a la gente, Julio Menchaca Salazar, mandatario estatal, afirm\u00f3 que su administraci\u00f3n est\u00e1 enfocada en revertir las carencias y las condiciones de pobreza en cada regi\u00f3n de la entidad.<\/p>\n\n\n\n<p>As\u00ed lo confirm\u00f3 en Almoloya, donde inaugur\u00f3 el Centro de Salud de la comunidad, durante su primer a\u00f1o de gobierno, el cual sustituy\u00f3 al espacio que ya ten\u00eda m\u00e1s de seis d\u00e9cadas de existencia.<\/p>\n\n\n\n<p>En ese sentido, Juan Antonio Zamora Mendoza, cirujano dentista, resalt\u00f3 que el equipo adquirido para el nuevo centro fue extraordinario y en el que utiliza en su especialidad, como sill\u00f3n dental el\u00e9ctrico, rayos X, compresor e instrumental, se invirtieron alrededor de 800 mil pesos.&nbsp;<\/p>\n\n\n\n<p>Ana Karen Mac\u00edas, vecina de Almoloya, reconoci\u00f3 que son muchos los avances conseguidos gracias a la actual administraci\u00f3n estatal, los cuales permitir\u00e1n que los habitantes de su comunidad tengan apoyos y una mejor salud.&nbsp;<\/p>\n\n\n\n<p>Jos\u00e9 Sebasti\u00e1n Quintos, tambi\u00e9n vecino de la regi\u00f3n, asever\u00f3 que la transformaci\u00f3n en la entidad ya es palpable, que la gente est\u00e1 contenta, porque nunca se hab\u00eda visto que el gobierno se acercara a las comunidades.<\/p>\n\n\n\n<p>Durante sus diferentes giras de trabajo, qued\u00f3 de manifiesto la forma en la que el mandatario Menchaca Salazar recorri\u00f3 todos los municipios del estado para mejorar la vida de miles de familias hidalguenses.<\/p>\n\n\n\n<p><strong>M\u00e1s de 100 mil plantas donadas en la entidad<\/strong><\/p>\n\n\n\n<p>Como parte del compromiso del gobierno de Hidalgo para revertir los efectos del cambio clim\u00e1tico a trav\u00e9s de la restauraci\u00f3n ecol\u00f3gica de las diferentes regiones de la entidad durante el primer a\u00f1o de gobierno, la Secretar\u00eda de Medio Ambiente y Recursos Naturales de Hidalgo (Semarnath) llev\u00f3 la donaci\u00f3n hist\u00f3rica de m\u00e1s de 100 mil plantas end\u00e9micas.<\/p>\n\n\n\n<p>Dichas acciones fueron realizadas en 53 municipios de la entidad, a trav\u00e9s del programa Reforestar para Transformar, con el cual resultaron beneficiadas 196 personas de forma directa y miles m\u00e1s de forma indirecta a trav\u00e9s de los servicios ambientales que provee la reforestaci\u00f3n de zonas con alto valor ecol\u00f3gico.<\/p>\n\n\n\n<p>Es decir, se establecieron como prioritarias aquellas zonas con acu\u00edferos sobreexplotados, con presencia de cuencas hidrol\u00f3gicas para su recarga, zonas metropolitanas necesitadas de \u00e1reas verdes y municipios afectados por plagas o incendios forestales.<\/p>\n\n\n\n<p>En ese sentido, a trav\u00e9s de la plantaci\u00f3n de 147 mil 740 plantas end\u00e9micas como pinos, encinos, cedro blanco y fresnos se han logrado reforestar de forma integral las 12 regiones del estado, mejorando as\u00ed la calidad del aire, suelo y los mantos acu\u00edferos de Hidalgo,<\/p>\n\n\n\n<p>Con esta estrategia, la Semarnath reafirma su compromiso de promover e impulsar una gesti\u00f3n adecuada del medio ambiente para el bienestar de las generaciones actuales y futuras.<\/p>\n\n\n\n<p>Edelmira Covarrubias, una de las beneficiadas del municipio de La Misi\u00f3n, mencion\u00f3 que plantar\u00eda dichas especies en un muro de retenci\u00f3n, ya que estos ayudan a que dichos muros tengan m\u00e1s sostenimiento.<\/p>\n\n\n\n<p>\u201cMe encantar\u00eda que m\u00e1s gente se dedicara a rehabilitar nuestros campos que realmente necesitan mucha ayuda de \u00e1rboles y es un gran placer recibirlos\u201d, agreg\u00f3.<\/p>\n\n\n\n<p>En tanto, la Semarnath inform\u00f3 que con la proyecci\u00f3n en la producci\u00f3n de 150 mil plantas forestales durante el ciclo 2023-2024, actualmente se tienen en desarrollo 200 mil plantas para continuar durante la pr\u00f3xima temporada de lluvias, y bajo el programa Reforestar para Transformar llegar a la cobertura total en los 84 municipios de la entidad.<\/p>\n\n\n\n<figure class=\"wp-block-image size-full\"><img loading=\"lazy\" decoding=\"async\" width=\"2560\" height=\"1707\" src=\"https:\/\/plazajuarez.mx\/historico\/historico\/wp-content\/uploads\/2023\/09\/Imagen-2-Cortesia-1-scaled.jpg\" alt=\"\" class=\"wp-image-278962\" srcset=\"https:\/\/plazajuarez.mx\/historico\/wp-content\/uploads\/2023\/09\/Imagen-2-Cortesia-1-scaled.jpg 2560w, https:\/\/plazajuarez.mx\/historico\/wp-content\/uploads\/2023\/09\/Imagen-2-Cortesia-1-768x512.jpg 768w, https:\/\/plazajuarez.mx\/historico\/wp-content\/uploads\/2023\/09\/Imagen-2-Cortesia-1-1536x1024.jpg 1536w, https:\/\/plazajuarez.mx\/historico\/wp-content\/uploads\/2023\/09\/Imagen-2-Cortesia-1-2048x1365.jpg 2048w, https:\/\/plazajuarez.mx\/historico\/wp-content\/uploads\/2023\/09\/Imagen-2-Cortesia-1-274x183.jpg 274w, https:\/\/plazajuarez.mx\/historico\/wp-content\/uploads\/2023\/09\/Imagen-2-Cortesia-1-80x54.jpg 80w, https:\/\/plazajuarez.mx\/historico\/wp-content\/uploads\/2023\/09\/Imagen-2-Cortesia-1-130x87.jpg 130w, https:\/\/plazajuarez.mx\/historico\/wp-content\/uploads\/2023\/09\/Imagen-2-Cortesia-1-359x240.jpg 359w, https:\/\/plazajuarez.mx\/historico\/wp-content\/uploads\/2023\/09\/Imagen-2-Cortesia-1-85x57.jpg 85w, https:\/\/plazajuarez.mx\/historico\/wp-content\/uploads\/2023\/09\/Imagen-2-Cortesia-1-546x365.jpg 546w, https:\/\/plazajuarez.mx\/historico\/wp-content\/uploads\/2023\/09\/Imagen-2-Cortesia-1-165x109.jpg 165w, https:\/\/plazajuarez.mx\/historico\/wp-content\/uploads\/2023\/09\/Imagen-2-Cortesia-1-112x75.jpg 112w, https:\/\/plazajuarez.mx\/historico\/wp-content\/uploads\/2023\/09\/Imagen-2-Cortesia-1-179x120.jpg 179w, https:\/\/plazajuarez.mx\/historico\/wp-content\/uploads\/2023\/09\/Imagen-2-Cortesia-1-170x113.jpg 170w, https:\/\/plazajuarez.mx\/historico\/wp-content\/uploads\/2023\/09\/Imagen-2-Cortesia-1-81x55.jpg 81w, https:\/\/plazajuarez.mx\/historico\/wp-content\/uploads\/2023\/09\/Imagen-2-Cortesia-1-765x510.jpg 765w\" sizes=\"auto, (max-width: 2560px) 100vw, 2560px\" \/><figcaption class=\"wp-element-caption\"><em>Foto: Cortes\u00eda<\/em><\/figcaption><\/figure>\n\n\n\n<p><strong>Alcanz\u00f3 73 % la cobertura de vacunaci\u00f3n para beb\u00e9s<\/strong><\/p>\n\n\n\n<p>La secretaria de Salud, Mar\u00eda Zorayda Robles Barrera, dio a conocer que, durante estos doce meses de trabajo, se logr\u00f3 el 73% de cobertura en vacunaci\u00f3n en menores de 1 a\u00f1o, cifra de suma relevancia, pues la vacunaci\u00f3n oportuna durante la infancia ayuda a brindar inmunidad antes de la exposici\u00f3n a enfermedades que podr\u00edan ser mortales.&nbsp;<\/p>\n\n\n\n<p>Asimismo, precis\u00f3 que las vacunas se eval\u00faan a fin de garantizar que sean seguras y eficaces para su aplicaci\u00f3n a ni\u00f1as y ni\u00f1os. Recomend\u00f3, adem\u00e1s, acudir inmediatamente a la unidad de salud m\u00e1s cercana con la Cartilla Nacional de Salud para que sus hijas o hijos sean inoculados de acuerdo a las instrucciones del personal de salud.<\/p>\n\n\n\n<p>Robles Barrera se\u00f1al\u00f3 que es muy importante que se completen los esquemas de vacunaci\u00f3n para evitar enfermedades y que si no se cuenta con la Cartilla, en la Unidad de Salud se proporciona informaci\u00f3n y orientaci\u00f3n.<\/p>\n\n\n\n<p>Por \u00faltimo, la secretaria inform\u00f3 que el cuadro b\u00e1sico para menores de un a\u00f1o est\u00e1 conformado por las vacunas BCG, hexavalente acelular, as\u00ed como contra la hepatitis B, neumococo y rotavirus, mismas que eliminan, controlan y disminuyen la incidencia de enfermedades, adem\u00e1s de contribuir al ejercicio del derecho a la protecci\u00f3n de la salud en la infancia.<\/p>\n\n\n\n<figure class=\"wp-block-image size-full\"><img loading=\"lazy\" decoding=\"async\" width=\"795\" height=\"1086\" src=\"https:\/\/plazajuarez.mx\/historico\/historico\/wp-content\/uploads\/2023\/09\/Imagen-3-Cortesia.jpg\" alt=\"\" class=\"wp-image-278961\" srcset=\"https:\/\/plazajuarez.mx\/historico\/wp-content\/uploads\/2023\/09\/Imagen-3-Cortesia.jpg 795w, https:\/\/plazajuarez.mx\/historico\/wp-content\/uploads\/2023\/09\/Imagen-3-Cortesia-768x1049.jpg 768w\" sizes=\"auto, (max-width: 795px) 100vw, 795px\" \/><figcaption class=\"wp-element-caption\"><em>Foto: Cortes\u00eda<\/em><\/figcaption><\/figure>\n","protected":false},"excerpt":{"rendered":"<p>Fiel a su compromiso de mantenerse cercano a la gente, Julio Menchaca Salazar, mandatario estatal, afirm\u00f3 que su administraci\u00f3n est\u00e1 enfocada en revertir las carencias y las condiciones de pobreza en cada regi\u00f3n de la entidad. As\u00ed lo confirm\u00f3 en Almoloya, donde inaugur\u00f3 el Centro de Salud de la comunidad, durante su primer a\u00f1o de [&hellip;]<\/p>\n","protected":false},"author":93,"featured_media":278960,"comment_status":"closed","ping_status":"closed","sticky":false,"template":"","format":"standard","meta":{"footnotes":""},"categories":[15,59],"tags":[],"class_list":["post-278954","post","type-post","status-publish","format-standard","has-post-thumbnail","hentry","category-destacadas","category-general"],"_links":{"self":[{"href":"https:\/\/plazajuarez.mx\/historico\/wp-json\/wp\/v2\/posts\/278954","targetHints":{"allow":["GET"]}}],"collection":[{"href":"https:\/\/plazajuarez.mx\/historico\/wp-json\/wp\/v2\/posts"}],"about":[{"href":"https:\/\/plazajuarez.mx\/historico\/wp-json\/wp\/v2\/types\/post"}],"author":[{"embeddable":true,"href":"https:\/\/plazajuarez.mx\/historico\/wp-json\/wp\/v2\/users\/93"}],"replies":[{"embeddable":true,"href":"https:\/\/plazajuarez.mx\/historico\/wp-json\/wp\/v2\/comments?post=278954"}],"version-history":[{"count":0,"href":"https:\/\/plazajuarez.mx\/historico\/wp-json\/wp\/v2\/posts\/278954\/revisions"}],"wp:featuredmedia":[{"embeddable":true,"href":"https:\/\/plazajuarez.mx\/historico\/wp-json\/wp\/v2\/media\/278960"}],"wp:attachment":[{"href":"https:\/\/plazajuarez.mx\/historico\/wp-json\/wp\/v2\/media?parent=278954"}],"wp:term":[{"taxonomy":"category","embeddable":true,"href":"https:\/\/plazajuarez.mx\/historico\/wp-json\/wp\/v2\/categories?post=278954"},{"taxonomy":"post_tag","embeddable":true,"href":"https:\/\/plazajuarez.mx\/historico\/wp-json\/wp\/v2\/tags?post=278954"}],"curies":[{"name":"wp","href":"https:\/\/api.w.org\/{rel}","templated":true}]}}