{"id":278676,"date":"2023-08-30T18:37:11","date_gmt":"2023-08-31T00:37:11","guid":{"rendered":"https:\/\/plazajuarez.mx\/?p=278676"},"modified":"2023-08-30T18:37:13","modified_gmt":"2023-08-31T00:37:13","slug":"el-santos-anuncia-al-uruguayo-maximiliano-silvera-como-su-nuevo-refuerzo","status":"publish","type":"post","link":"https:\/\/plazajuarez.mx\/historico\/el-santos-anuncia-al-uruguayo-maximiliano-silvera-como-su-nuevo-refuerzo\/","title":{"rendered":"El Santos anuncia al uruguayo Maximiliano Silvera como su nuevo refuerzo"},"content":{"rendered":"\n<p>El Santos anunci\u00f3 este mi\u00e9rcoles al delantero uruguayo Maximiliano Silvera, que estaba libre en el mercado, como su nuevo refuerzo para el resto de la temporada de la liga brasile\u00f1a de f\u00fatbol.<\/p>\n\n\n\n<p>Con una foto en el momento de su firma con el nuevo club, el Santos oficializ\u00f3 en sus redes sociales el fichaje del delantero que hasta el mes pasado hab\u00eda estado en el Necaxa mexicano.<\/p>\n\n\n\n<p>El delantero es el octavo refuerzo del Santos, dirigido por el uruguayo Diego Aguirre, para el segundo semestre y entre los que aparece tambi\u00e9n el centrocampista venezolano Tom\u00e1s Rinc\u00f3n y el atacante argentino Julio Furch, que lleg\u00f3 del Atlas mexicano.<\/p>\n\n\n\n<p>Silvera inici\u00f3 su carrera con el Cerrito de su pa\u00eds, luego milit\u00f3 en Argentina con el Newell&#8217;s Old Boys y del equipo de la ciudad de Rosario salt\u00f3 al f\u00fatbol mexicano donde defendi\u00f3 al Ju\u00e1rez y m\u00e1s recientemente al Necaxa.<\/p>\n\n\n\n<p>El conjunto santista est\u00e1 en la zona de descenso con 21 puntos, a treinta del l\u00edder Botafogo.<\/p>\n\n\n\n<p>Para la recta final de la liga brasile\u00f1a de f\u00fatbol y despu\u00e9s del cierre de la ventana de transferencias, el 2 de agosto, algunos equipos han intensificado en los \u00faltimos d\u00edas sus contrataciones con jugadores libres en el mercado, como permite todav\u00eda el reglamento.<\/p>\n\n\n\n<p>El Botafogo, por ejemplo, anunci\u00f3 al angole\u00f1o Bartolomeu Jacinto Quissanga &#8216;Bastos&#8217;, que jug\u00f3 en el Al Ahli saud\u00ed; mientras que el Coritiba fich\u00f3 al argelino Islam Slimani, exjugador del Anderlecht belga, y al griego Andreas Samaris, que defendi\u00f3 al Rio Ave portugu\u00e9s.<\/p>\n","protected":false},"excerpt":{"rendered":"<p>El Santos anunci\u00f3 este mi\u00e9rcoles al delantero uruguayo Maximiliano Silvera, que estaba libre en el mercado, como su nuevo refuerzo para el resto de la temporada de la liga brasile\u00f1a de f\u00fatbol. Con una foto en el momento de su firma con el nuevo club, el Santos oficializ\u00f3 en sus redes sociales el fichaje del [&hellip;]<\/p>\n","protected":false},"author":80,"featured_media":278677,"comment_status":"closed","ping_status":"closed","sticky":false,"template":"","format":"standard","meta":{"footnotes":""},"categories":[39],"tags":[],"class_list":["post-278676","post","type-post","status-publish","format-standard","has-post-thumbnail","hentry","category-deportiva"],"_links":{"self":[{"href":"https:\/\/plazajuarez.mx\/historico\/wp-json\/wp\/v2\/posts\/278676","targetHints":{"allow":["GET"]}}],"collection":[{"href":"https:\/\/plazajuarez.mx\/historico\/wp-json\/wp\/v2\/posts"}],"about":[{"href":"https:\/\/plazajuarez.mx\/historico\/wp-json\/wp\/v2\/types\/post"}],"author":[{"embeddable":true,"href":"https:\/\/plazajuarez.mx\/historico\/wp-json\/wp\/v2\/users\/80"}],"replies":[{"embeddable":true,"href":"https:\/\/plazajuarez.mx\/historico\/wp-json\/wp\/v2\/comments?post=278676"}],"version-history":[{"count":0,"href":"https:\/\/plazajuarez.mx\/historico\/wp-json\/wp\/v2\/posts\/278676\/revisions"}],"wp:featuredmedia":[{"embeddable":true,"href":"https:\/\/plazajuarez.mx\/historico\/wp-json\/wp\/v2\/media\/278677"}],"wp:attachment":[{"href":"https:\/\/plazajuarez.mx\/historico\/wp-json\/wp\/v2\/media?parent=278676"}],"wp:term":[{"taxonomy":"category","embeddable":true,"href":"https:\/\/plazajuarez.mx\/historico\/wp-json\/wp\/v2\/categories?post=278676"},{"taxonomy":"post_tag","embeddable":true,"href":"https:\/\/plazajuarez.mx\/historico\/wp-json\/wp\/v2\/tags?post=278676"}],"curies":[{"name":"wp","href":"https:\/\/api.w.org\/{rel}","templated":true}]}}