{"id":278170,"date":"2023-08-28T15:11:02","date_gmt":"2023-08-28T21:11:02","guid":{"rendered":"https:\/\/plazajuarez.mx\/?p=278170"},"modified":"2023-08-28T15:11:03","modified_gmt":"2023-08-28T21:11:03","slug":"policias-de-neza-violaron-soberania-del-aeropuerto","status":"publish","type":"post","link":"https:\/\/plazajuarez.mx\/historico\/policias-de-neza-violaron-soberania-del-aeropuerto\/","title":{"rendered":"Polic\u00edas de Neza violaron soberan\u00eda del aeropuerto"},"content":{"rendered":"\n<p>Carlos Ignacio Vel\u00e1zquez Tiscare\u00f1o, director general del Aeropuerto Internacional de la Ciudad de M\u00e9xico (AICM), acus\u00f3 que los polic\u00edas del municipio de Nezahualc\u00f3yotl, Estado de M\u00e9xico, que protagonizaron una balacera dentro del estacionamiento de la Terminal 2 el pasado 9 de agosto y en donde muri\u00f3 una mujer, violaron la &#8220;soberan\u00eda federal del aeropuerto&#8221;.<\/p>\n\n\n\n<p>En entrevista con medios tras su reuni\u00f3n con el presidente L\u00f3pez Obrador en Palacio Nacional, el director del aeropuerto capitalino inform\u00f3 que por estos hechos ya se levant\u00f3 una denuncia penal, y asegur\u00f3 que la seguridad en el complejo aeroportuario est\u00e1 garantizada con la presencia de mil 500 marinos y 600 polic\u00edas auxiliares de la Ciudad de M\u00e9xico.<\/p>\n\n\n\n<p>&#8220;Nosotros tenemos mil 500 marinos encargados de la seguridad y 600 polic\u00edas de las unidades de la Ciudad de M\u00e9xico.<\/p>\n\n\n\n<p>&#8220;Eso es un estacionamiento p\u00fablico en la que ingresaron elementos de la Polic\u00eda del Estado de M\u00e9xico a pie y pas\u00f3 lo que vimos. La seguridad est\u00e1 controlada y el aeropuerto y ya levant\u00f3 una denuncia penal contra esos elementos por haber violado la soberan\u00eda federal del aeropuerto&#8221;, dijo.<\/p>\n\n\n\n<p>El pasado 12 de agosto muri\u00f3 Gabriela Alejandra &#8220;N&#8221;, la joven que fue lesionada de un disparo en la cabeza por un polic\u00eda del municipio de Nezahualc\u00f3yotl en el Aeropuerto Internacional de la Ciudad de M\u00e9xico.<\/p>\n\n\n\n<p>Gabriela permaneci\u00f3 en el hospital Gustavo Baz desde el 9 de agosto, cuando result\u00f3 herida por un disparo de arma de fuego en la cabeza, luego de que Leonardo y Sergio, dos polic\u00edas municipales de Nezahualc\u00f3yotl abrieron fuego en su contra y de sus amigos, con quienes viajaba la joven de 20 a\u00f1os de edad.<\/p>\n\n\n\n<p>En el ataque un hombre recibi\u00f3 un balazo en el brazo y la otra mujer que iba con ellos qued\u00f3 ilesa; sin embargo, Gabriela se mantuvo por varios d\u00edas en estado de salud grave, hasta la madrugada del 12 de agosto, cuando falleci\u00f3.<\/p>\n\n\n\n<p>Los hechos ocurrieron al interior del estacionamiento de la Terminal 2 del Aeropuerto Internacional de la Ciudad de M\u00e9xico, en un primer momento las autoridades informaron que los polic\u00edas Jes\u00fas y Sergio siguieron a los j\u00f3venes hasta la Terminal 2 del AICM, en una persecuci\u00f3n, presuntamente porque los citados elementos se enfrentaron con armas de fuego al conductor.<\/p>\n\n\n\n<p>El 11 de agosto, un juez de control juez dej\u00f3 en prisi\u00f3n preventiva oficiosa a los dos polic\u00edas municipales, pues el Ministerio P\u00fablico imput\u00f3 el delito de tentativa de homicidio calificado, por lo que los imputados solicitaron la duplicidad del plazo constitucional para que le sea definida su situaci\u00f3n jur\u00eddica.<\/p>\n","protected":false},"excerpt":{"rendered":"<p>Carlos Ignacio Vel\u00e1zquez Tiscare\u00f1o, director general del Aeropuerto Internacional de la Ciudad de M\u00e9xico (AICM), acus\u00f3 que los polic\u00edas del municipio de Nezahualc\u00f3yotl, Estado de M\u00e9xico, que protagonizaron una balacera dentro del estacionamiento de la Terminal 2 el pasado 9 de agosto y en donde muri\u00f3 una mujer, violaron la &#8220;soberan\u00eda federal del aeropuerto&#8221;. En [&hellip;]<\/p>\n","protected":false},"author":81,"featured_media":278187,"comment_status":"closed","ping_status":"closed","sticky":false,"template":"","format":"standard","meta":{"footnotes":""},"categories":[37],"tags":[],"class_list":["post-278170","post","type-post","status-publish","format-standard","has-post-thumbnail","hentry","category-barandilla"],"_links":{"self":[{"href":"https:\/\/plazajuarez.mx\/historico\/wp-json\/wp\/v2\/posts\/278170","targetHints":{"allow":["GET"]}}],"collection":[{"href":"https:\/\/plazajuarez.mx\/historico\/wp-json\/wp\/v2\/posts"}],"about":[{"href":"https:\/\/plazajuarez.mx\/historico\/wp-json\/wp\/v2\/types\/post"}],"author":[{"embeddable":true,"href":"https:\/\/plazajuarez.mx\/historico\/wp-json\/wp\/v2\/users\/81"}],"replies":[{"embeddable":true,"href":"https:\/\/plazajuarez.mx\/historico\/wp-json\/wp\/v2\/comments?post=278170"}],"version-history":[{"count":0,"href":"https:\/\/plazajuarez.mx\/historico\/wp-json\/wp\/v2\/posts\/278170\/revisions"}],"wp:featuredmedia":[{"embeddable":true,"href":"https:\/\/plazajuarez.mx\/historico\/wp-json\/wp\/v2\/media\/278187"}],"wp:attachment":[{"href":"https:\/\/plazajuarez.mx\/historico\/wp-json\/wp\/v2\/media?parent=278170"}],"wp:term":[{"taxonomy":"category","embeddable":true,"href":"https:\/\/plazajuarez.mx\/historico\/wp-json\/wp\/v2\/categories?post=278170"},{"taxonomy":"post_tag","embeddable":true,"href":"https:\/\/plazajuarez.mx\/historico\/wp-json\/wp\/v2\/tags?post=278170"}],"curies":[{"name":"wp","href":"https:\/\/api.w.org\/{rel}","templated":true}]}}