{"id":278012,"date":"2023-08-28T06:19:03","date_gmt":"2023-08-28T12:19:03","guid":{"rendered":"https:\/\/plazajuarez.mx\/?p=278012"},"modified":"2023-08-28T06:19:07","modified_gmt":"2023-08-28T12:19:07","slug":"dese-por-enterado-1176","status":"publish","type":"post","link":"https:\/\/plazajuarez.mx\/historico\/dese-por-enterado-1176\/","title":{"rendered":"DESE POR ENTERADO"},"content":{"rendered":"\n<p><strong>X\u00d3CHITL G\u00c1LVEZ, TODA UNA INTERROGANTE<\/strong>. \u2013 Por supuesto que todos la recordamos en su campa\u00f1a para gobernadora de Hidalgo, cuando barri\u00f3 parejo y tild\u00f3 a todos los medios de informaci\u00f3n de lo peor, de lo peorcito. Dicharachera, pero sobre todo muy dada a hacer se\u00f1alamientos sin ninguna base, porque en ese entonces todos los pri\u00edstas eran poco menos que narcotraficantes, no sabemos en t\u00e9rminos concretos qu\u00e9 puede representar para un pa\u00eds como el nuestro. Podr\u00eda ser, al final del d\u00eda, una nueva versi\u00f3n de lo que actualmente vivimos, pero \u201ccorregida y aumentada\u201d.<\/p>\n\n\n\n<figure class=\"wp-block-image size-full\"><img loading=\"lazy\" decoding=\"async\" width=\"2560\" height=\"1707\" src=\"https:\/\/plazajuarez.mx\/historico\/historico\/wp-content\/uploads\/2023\/08\/XOCHITL-GALVEZ-TODA-UNA-INTERROGANTE-EFE-scaled.jpg\" alt=\"\" class=\"wp-image-278016\" srcset=\"https:\/\/plazajuarez.mx\/historico\/wp-content\/uploads\/2023\/08\/XOCHITL-GALVEZ-TODA-UNA-INTERROGANTE-EFE-scaled.jpg 2560w, https:\/\/plazajuarez.mx\/historico\/wp-content\/uploads\/2023\/08\/XOCHITL-GALVEZ-TODA-UNA-INTERROGANTE-EFE-768x512.jpg 768w, https:\/\/plazajuarez.mx\/historico\/wp-content\/uploads\/2023\/08\/XOCHITL-GALVEZ-TODA-UNA-INTERROGANTE-EFE-1536x1024.jpg 1536w, https:\/\/plazajuarez.mx\/historico\/wp-content\/uploads\/2023\/08\/XOCHITL-GALVEZ-TODA-UNA-INTERROGANTE-EFE-2048x1366.jpg 2048w, https:\/\/plazajuarez.mx\/historico\/wp-content\/uploads\/2023\/08\/XOCHITL-GALVEZ-TODA-UNA-INTERROGANTE-EFE-274x183.jpg 274w, https:\/\/plazajuarez.mx\/historico\/wp-content\/uploads\/2023\/08\/XOCHITL-GALVEZ-TODA-UNA-INTERROGANTE-EFE-80x54.jpg 80w, https:\/\/plazajuarez.mx\/historico\/wp-content\/uploads\/2023\/08\/XOCHITL-GALVEZ-TODA-UNA-INTERROGANTE-EFE-130x87.jpg 130w, https:\/\/plazajuarez.mx\/historico\/wp-content\/uploads\/2023\/08\/XOCHITL-GALVEZ-TODA-UNA-INTERROGANTE-EFE-359x240.jpg 359w, https:\/\/plazajuarez.mx\/historico\/wp-content\/uploads\/2023\/08\/XOCHITL-GALVEZ-TODA-UNA-INTERROGANTE-EFE-85x57.jpg 85w, https:\/\/plazajuarez.mx\/historico\/wp-content\/uploads\/2023\/08\/XOCHITL-GALVEZ-TODA-UNA-INTERROGANTE-EFE-546x365.jpg 546w, https:\/\/plazajuarez.mx\/historico\/wp-content\/uploads\/2023\/08\/XOCHITL-GALVEZ-TODA-UNA-INTERROGANTE-EFE-165x109.jpg 165w, https:\/\/plazajuarez.mx\/historico\/wp-content\/uploads\/2023\/08\/XOCHITL-GALVEZ-TODA-UNA-INTERROGANTE-EFE-112x75.jpg 112w, https:\/\/plazajuarez.mx\/historico\/wp-content\/uploads\/2023\/08\/XOCHITL-GALVEZ-TODA-UNA-INTERROGANTE-EFE-179x120.jpg 179w, https:\/\/plazajuarez.mx\/historico\/wp-content\/uploads\/2023\/08\/XOCHITL-GALVEZ-TODA-UNA-INTERROGANTE-EFE-170x113.jpg 170w, https:\/\/plazajuarez.mx\/historico\/wp-content\/uploads\/2023\/08\/XOCHITL-GALVEZ-TODA-UNA-INTERROGANTE-EFE-81x55.jpg 81w, https:\/\/plazajuarez.mx\/historico\/wp-content\/uploads\/2023\/08\/XOCHITL-GALVEZ-TODA-UNA-INTERROGANTE-EFE-765x510.jpg 765w\" sizes=\"auto, (max-width: 2560px) 100vw, 2560px\" \/><figcaption class=\"wp-element-caption\"><em>Foto: Agencia EFE<\/em><\/figcaption><\/figure>\n\n\n\n<p><strong>SAID VARGAS, DE PLANO UN CERO A LA IZQUIERDA<\/strong>. \u2013 Pues s\u00ed, los malos presagios se cumplieron con el secretario general de la secci\u00f3n XV del SNTE en Hidalgo, <strong>Said Vargas<\/strong>, quien simplemente no ha dado una, y se ha convertido en un dolor de cabeza para el dirigente nacional que lo sostiene, pero que el a\u00f1o que viene ya se va. As\u00ed que lamentable el futuro que espera a quien lleg\u00f3 con mucha cartelera pero que, en los resultados, no ha dado una. L\u00e1stima porque ese cargo no se gana, sino que se mantiene con buen trabajo pol\u00edtico.<\/p>\n\n\n\n<figure class=\"wp-block-image size-full\"><img loading=\"lazy\" decoding=\"async\" width=\"1080\" height=\"720\" src=\"https:\/\/plazajuarez.mx\/historico\/historico\/wp-content\/uploads\/2023\/08\/SAID-VARGAS-DE-PLANO-UN-CERO-A-LA-IZQUIERDA-Facebook-de-Said-Vargas-.jpg\" alt=\"\" class=\"wp-image-278015\" srcset=\"https:\/\/plazajuarez.mx\/historico\/wp-content\/uploads\/2023\/08\/SAID-VARGAS-DE-PLANO-UN-CERO-A-LA-IZQUIERDA-Facebook-de-Said-Vargas-.jpg 1080w, https:\/\/plazajuarez.mx\/historico\/wp-content\/uploads\/2023\/08\/SAID-VARGAS-DE-PLANO-UN-CERO-A-LA-IZQUIERDA-Facebook-de-Said-Vargas--768x512.jpg 768w, https:\/\/plazajuarez.mx\/historico\/wp-content\/uploads\/2023\/08\/SAID-VARGAS-DE-PLANO-UN-CERO-A-LA-IZQUIERDA-Facebook-de-Said-Vargas--274x183.jpg 274w, https:\/\/plazajuarez.mx\/historico\/wp-content\/uploads\/2023\/08\/SAID-VARGAS-DE-PLANO-UN-CERO-A-LA-IZQUIERDA-Facebook-de-Said-Vargas--80x54.jpg 80w, https:\/\/plazajuarez.mx\/historico\/wp-content\/uploads\/2023\/08\/SAID-VARGAS-DE-PLANO-UN-CERO-A-LA-IZQUIERDA-Facebook-de-Said-Vargas--130x87.jpg 130w, https:\/\/plazajuarez.mx\/historico\/wp-content\/uploads\/2023\/08\/SAID-VARGAS-DE-PLANO-UN-CERO-A-LA-IZQUIERDA-Facebook-de-Said-Vargas--359x240.jpg 359w, https:\/\/plazajuarez.mx\/historico\/wp-content\/uploads\/2023\/08\/SAID-VARGAS-DE-PLANO-UN-CERO-A-LA-IZQUIERDA-Facebook-de-Said-Vargas--85x57.jpg 85w, https:\/\/plazajuarez.mx\/historico\/wp-content\/uploads\/2023\/08\/SAID-VARGAS-DE-PLANO-UN-CERO-A-LA-IZQUIERDA-Facebook-de-Said-Vargas--546x365.jpg 546w, https:\/\/plazajuarez.mx\/historico\/wp-content\/uploads\/2023\/08\/SAID-VARGAS-DE-PLANO-UN-CERO-A-LA-IZQUIERDA-Facebook-de-Said-Vargas--165x109.jpg 165w, https:\/\/plazajuarez.mx\/historico\/wp-content\/uploads\/2023\/08\/SAID-VARGAS-DE-PLANO-UN-CERO-A-LA-IZQUIERDA-Facebook-de-Said-Vargas--112x75.jpg 112w, https:\/\/plazajuarez.mx\/historico\/wp-content\/uploads\/2023\/08\/SAID-VARGAS-DE-PLANO-UN-CERO-A-LA-IZQUIERDA-Facebook-de-Said-Vargas--179x120.jpg 179w, https:\/\/plazajuarez.mx\/historico\/wp-content\/uploads\/2023\/08\/SAID-VARGAS-DE-PLANO-UN-CERO-A-LA-IZQUIERDA-Facebook-de-Said-Vargas--170x113.jpg 170w, https:\/\/plazajuarez.mx\/historico\/wp-content\/uploads\/2023\/08\/SAID-VARGAS-DE-PLANO-UN-CERO-A-LA-IZQUIERDA-Facebook-de-Said-Vargas--81x55.jpg 81w, https:\/\/plazajuarez.mx\/historico\/wp-content\/uploads\/2023\/08\/SAID-VARGAS-DE-PLANO-UN-CERO-A-LA-IZQUIERDA-Facebook-de-Said-Vargas--765x510.jpg 765w\" sizes=\"auto, (max-width: 1080px) 100vw, 1080px\" \/><figcaption class=\"wp-element-caption\"><em>Foto: Facebook Said Vargas<\/em><\/figcaption><\/figure>\n\n\n\n<p><strong>CIERTO, EL PRI YA NO TIENE DIPUTADOS LOCALES<\/strong>. \u2013 Cualquier negociaci\u00f3n pol\u00edtica que se haga necesaria en el Congreso de Hidalgo, tendr\u00e1 como punto de quiebre y bisagra que abra la puerta, a los legisladores del Grupo Parlamentario Independiente, conformado por diputados ex militantes del Revolucionario Institucional, y con el liderazgo del ex gobernador, <strong>Omar Fayad Meneses<\/strong>. Ese es un peque\u00f1o asunto que no se ha visto, o no se quiere ver, pero el hecho es que s\u00ed tendr\u00e1n un papel importante en la aprobaci\u00f3n o no, de iniciativas de reformas de ley o de leyes. Por lo mientras ya los vimos en acci\u00f3n, y han sido prudentes al momento de actuar.&nbsp;<\/p>\n\n\n\n<figure class=\"wp-block-image size-full\"><img loading=\"lazy\" decoding=\"async\" width=\"1600\" height=\"1010\" src=\"https:\/\/plazajuarez.mx\/historico\/historico\/wp-content\/uploads\/2023\/08\/CIERTO-EL-PRI-YA-NO-TIENE-DIPUTADOS-LOCALES-ILUSTRATIVA.jpeg\" alt=\"\" class=\"wp-image-278017\" srcset=\"https:\/\/plazajuarez.mx\/historico\/wp-content\/uploads\/2023\/08\/CIERTO-EL-PRI-YA-NO-TIENE-DIPUTADOS-LOCALES-ILUSTRATIVA.jpeg 1600w, https:\/\/plazajuarez.mx\/historico\/wp-content\/uploads\/2023\/08\/CIERTO-EL-PRI-YA-NO-TIENE-DIPUTADOS-LOCALES-ILUSTRATIVA-768x485.jpeg 768w, https:\/\/plazajuarez.mx\/historico\/wp-content\/uploads\/2023\/08\/CIERTO-EL-PRI-YA-NO-TIENE-DIPUTADOS-LOCALES-ILUSTRATIVA-1536x970.jpeg 1536w\" sizes=\"auto, (max-width: 1600px) 100vw, 1600px\" \/><figcaption class=\"wp-element-caption\"><em>Foto: Ilustrativa<\/em><\/figcaption><\/figure>\n\n\n\n<p><strong>LLEGAMOS AL CABAL\u00cdSTICO AVISO N\u00daMERO 13<\/strong>. \u2013 No, ni crea que nos olvidamos de usted, presidenta municipal de Apan, <strong>Mar\u00eda Lupita Mu\u00f1oz Rivero<\/strong>. Y s\u00ed, \u00a1este es el aviso n\u00famero 13! El contenido es el mismo: haga lo que est\u00e9 en sus manos para que sean colocados reductores de velocidad en las avenidas Reforma y Ju\u00e1rez de su hermoso municipio. NO deje para ma\u00f1ana lo que puede hacer hoy. Si hay un accidente de consecuencias fatales, no diga que no le avisamos. Le publicaremos todos los avisos que hemos hecho. Esperemos no suceda y act\u00fae a tiempo.<\/p>\n\n\n\n<figure class=\"wp-block-image size-full\"><img loading=\"lazy\" decoding=\"async\" width=\"1337\" height=\"2048\" src=\"https:\/\/plazajuarez.mx\/historico\/historico\/wp-content\/uploads\/2023\/08\/REVISADO-Facebook-Apan.jpg\" alt=\"\" class=\"wp-image-278018\" srcset=\"https:\/\/plazajuarez.mx\/historico\/wp-content\/uploads\/2023\/08\/REVISADO-Facebook-Apan.jpg 1337w, https:\/\/plazajuarez.mx\/historico\/wp-content\/uploads\/2023\/08\/REVISADO-Facebook-Apan-768x1176.jpg 768w, https:\/\/plazajuarez.mx\/historico\/wp-content\/uploads\/2023\/08\/REVISADO-Facebook-Apan-1003x1536.jpg 1003w\" sizes=\"auto, (max-width: 1337px) 100vw, 1337px\" \/><figcaption class=\"wp-element-caption\"><em>Foto: Facebook Apan<\/em><\/figcaption><\/figure>\n\n\n\n<p><strong>Aviso para que no digan: Esta columna se nutre de comentarios recabados por agencias del Recontra-Espionaje, muy similares a las que populariz\u00f3 el \u201cS\u00faper Agente 86\u201d en sus tiempos. Como tal lo que publicamos puede que sea cierto, puede que no, o todo lo contrario. Est\u00e1 usted en libertad de creer o no lo que lee, recontra-enojarse, recontra- carcajearse y hasta recontra-recordarnos a nuestra jefecita (nosotros recontra-haremos lo propio). Avisado est\u00e1 usted.&nbsp;<\/strong><\/p>\n\n\n\n<p><strong>desexenterado@gmail.com @desexenterado&nbsp;<\/strong><\/p>\n","protected":false},"excerpt":{"rendered":"<p>X\u00d3CHITL G\u00c1LVEZ, TODA UNA INTERROGANTE. \u2013 Por supuesto que todos la recordamos en su campa\u00f1a para gobernadora de Hidalgo, cuando barri\u00f3 parejo y tild\u00f3 a todos los medios de informaci\u00f3n de lo peor, de lo peorcito. Dicharachera, pero sobre todo muy dada a hacer se\u00f1alamientos sin ninguna base, porque en ese entonces todos los pri\u00edstas [&hellip;]<\/p>\n","protected":false},"author":93,"featured_media":269245,"comment_status":"closed","ping_status":"closed","sticky":false,"template":"","format":"standard","meta":{"footnotes":""},"categories":[83],"tags":[],"class_list":["post-278012","post","type-post","status-publish","format-standard","has-post-thumbnail","hentry","category-dese-por-enterado"],"_links":{"self":[{"href":"https:\/\/plazajuarez.mx\/historico\/wp-json\/wp\/v2\/posts\/278012","targetHints":{"allow":["GET"]}}],"collection":[{"href":"https:\/\/plazajuarez.mx\/historico\/wp-json\/wp\/v2\/posts"}],"about":[{"href":"https:\/\/plazajuarez.mx\/historico\/wp-json\/wp\/v2\/types\/post"}],"author":[{"embeddable":true,"href":"https:\/\/plazajuarez.mx\/historico\/wp-json\/wp\/v2\/users\/93"}],"replies":[{"embeddable":true,"href":"https:\/\/plazajuarez.mx\/historico\/wp-json\/wp\/v2\/comments?post=278012"}],"version-history":[{"count":0,"href":"https:\/\/plazajuarez.mx\/historico\/wp-json\/wp\/v2\/posts\/278012\/revisions"}],"wp:featuredmedia":[{"embeddable":true,"href":"https:\/\/plazajuarez.mx\/historico\/wp-json\/wp\/v2\/media\/269245"}],"wp:attachment":[{"href":"https:\/\/plazajuarez.mx\/historico\/wp-json\/wp\/v2\/media?parent=278012"}],"wp:term":[{"taxonomy":"category","embeddable":true,"href":"https:\/\/plazajuarez.mx\/historico\/wp-json\/wp\/v2\/categories?post=278012"},{"taxonomy":"post_tag","embeddable":true,"href":"https:\/\/plazajuarez.mx\/historico\/wp-json\/wp\/v2\/tags?post=278012"}],"curies":[{"name":"wp","href":"https:\/\/api.w.org\/{rel}","templated":true}]}}