{"id":278000,"date":"2023-08-27T22:49:31","date_gmt":"2023-08-28T04:49:31","guid":{"rendered":"https:\/\/plazajuarez.mx\/?p=278000"},"modified":"2023-08-27T22:49:34","modified_gmt":"2023-08-28T04:49:34","slug":"decomisan-4-kg-y-medio-de-cocaina-24-armas-largas","status":"publish","type":"post","link":"https:\/\/plazajuarez.mx\/historico\/decomisan-4-kg-y-medio-de-cocaina-24-armas-largas\/","title":{"rendered":"Decomisan 4 kg y medio de coca\u00edna, 24 armas largas"},"content":{"rendered":"\n<p>Mediante un sorpresivo operativo que se implement\u00f3 de manera coordinada entre la Secretar\u00eda de Seguridad P\u00fablica del Estado de Hidalgo y la Procuradur\u00eda General de Justicia del Estado de Hidalgo, se asest\u00f3 un duro golpe con un importante decomiso a un grupo de la delincuencia organizada, en el municipio de Cuautepec.<\/p>\n\n\n\n<p>La informaci\u00f3n que se tiene de manera extraoficial, detalla que durante la movilizaci\u00f3n de los elementos policiacos, se logr\u00f3 incautar un predio donde se localizaron y aseguraron 24 armas largas, tres camionetas, 4.5 kilogramos de droga similar a la coca\u00edna y un cuerno de chivo con chapa de oro.<\/p>\n\n\n\n<p>As\u00ed mismo, se sabe que durante la intervenci\u00f3n de los elementos policiales, se logr\u00f3 la captura de dos personas que fueron remitidas al \u00e1rea de retenci\u00f3n primaria de la Procuradur\u00eda General de Justicia del estado de Hidalgo, d\u00f3nde quedaron a disposici\u00f3n de la autoridad correspondiente para que enfrenten las actuaciones en consecuencia.<\/p>\n\n\n\n<p>Al momento se detalla que por ser crec\u00eda de las investigaciones no se proporciona la identidad de los dos detenidos a quienes adem\u00e1s les confiscaron dos chalecos t\u00e1cticos.<\/p>\n\n\n\n<p>De las camionetas que se aseguraron se dice que de las tres aseguradas, destaca una que cuenta con fuerte blindaje, y que las dos restantes portaban moderno sistema de radio-comunicaci\u00f3n.<\/p>\n\n\n\n<p>Durante las pr\u00f3ximas horas se espera el pronunciamiento oficial de la Secretar\u00eda de Seguridad P\u00fablica del Estado de Hidalgo, con respecto a la movilizaci\u00f3n que tuvo lugar en Cuautepec, al aseguramiento y de todo lo que se confisc\u00f3.<\/p>\n","protected":false},"excerpt":{"rendered":"<p>Mediante un sorpresivo operativo que se implement\u00f3 de manera coordinada entre la Secretar\u00eda de Seguridad P\u00fablica del Estado de Hidalgo y la Procuradur\u00eda General de Justicia del Estado de Hidalgo, se asest\u00f3 un duro golpe con un importante decomiso a un grupo de la delincuencia organizada, en el municipio de Cuautepec. La informaci\u00f3n que se [&hellip;]<\/p>\n","protected":false},"author":93,"featured_media":278001,"comment_status":"closed","ping_status":"closed","sticky":false,"template":"","format":"standard","meta":{"footnotes":""},"categories":[37,15,2159],"tags":[],"class_list":["post-278000","post","type-post","status-publish","format-standard","has-post-thumbnail","hentry","category-barandilla","category-destacadas","category-noticias-de-hidalgo"],"_links":{"self":[{"href":"https:\/\/plazajuarez.mx\/historico\/wp-json\/wp\/v2\/posts\/278000","targetHints":{"allow":["GET"]}}],"collection":[{"href":"https:\/\/plazajuarez.mx\/historico\/wp-json\/wp\/v2\/posts"}],"about":[{"href":"https:\/\/plazajuarez.mx\/historico\/wp-json\/wp\/v2\/types\/post"}],"author":[{"embeddable":true,"href":"https:\/\/plazajuarez.mx\/historico\/wp-json\/wp\/v2\/users\/93"}],"replies":[{"embeddable":true,"href":"https:\/\/plazajuarez.mx\/historico\/wp-json\/wp\/v2\/comments?post=278000"}],"version-history":[{"count":0,"href":"https:\/\/plazajuarez.mx\/historico\/wp-json\/wp\/v2\/posts\/278000\/revisions"}],"wp:featuredmedia":[{"embeddable":true,"href":"https:\/\/plazajuarez.mx\/historico\/wp-json\/wp\/v2\/media\/278001"}],"wp:attachment":[{"href":"https:\/\/plazajuarez.mx\/historico\/wp-json\/wp\/v2\/media?parent=278000"}],"wp:term":[{"taxonomy":"category","embeddable":true,"href":"https:\/\/plazajuarez.mx\/historico\/wp-json\/wp\/v2\/categories?post=278000"},{"taxonomy":"post_tag","embeddable":true,"href":"https:\/\/plazajuarez.mx\/historico\/wp-json\/wp\/v2\/tags?post=278000"}],"curies":[{"name":"wp","href":"https:\/\/api.w.org\/{rel}","templated":true}]}}