{"id":278,"date":"2015-02-04T06:00:00","date_gmt":"2015-02-04T06:00:00","guid":{"rendered":"http:\/\/plazajuarez.mx\/index\/index.php\/2015\/02\/04\/historico-conejo\/"},"modified":"2015-02-04T06:00:00","modified_gmt":"2015-02-04T06:00:00","slug":"historico-conejo","status":"publish","type":"post","link":"https:\/\/plazajuarez.mx\/historico\/historico-conejo\/","title":{"rendered":"Hist\u00f3rico \u201cConejo\u201d"},"content":{"rendered":"<p>FESTEJO EN LA MADRIGUERA<\/p>\n<ul>\n<li>Ayer el cancerbero cumpli\u00f3 42 a\u00f1os de edad, en el que manifest\u00f3 sentirse pleno en el futbol mexicano y a\u00fan no piensa en el retiro <!--more--> \u00a0<\/li>\n<\/ul>\n<p>El portero de los Tuzos del Pachuca, \u00d3scar el \u201cConejo\u201d P\u00e9rez no tuvo un d\u00eda normal, ya que ayer cumpli\u00f3 42 a\u00f1os de edad, y se mantiene como un portero\u00a0 de gran nivel en el m\u00e1ximo circuito.<\/p>\n<p>\u00a0<\/p>\n<p>\u201cEstoy muy contento, y orgulloso de seguir compitiendo con estos \u201cchamacos\u201d\u00a0 y me siento bien, vamos paso a paso y s\u00f3lo nos queda trabajar m\u00e1s. Es un honor que la FIFA me tome en cuenta, son mensajes bonitos, y lo disfrut\u00e9 de la mejor manera junto con mi familia y lamento que no hayamos podido ganar con Chivas, sino la celebraci\u00f3n hubiera sido mejor\u201d, expuso el portero longevo de la escuadra minera en las instalaciones de la Universidad en el Futbol.<\/p>\n<p>\u00a0<\/p>\n<p>Asimismo,\u00a0 reconoci\u00f3 que nunca imagin\u00f3 que su carrera como jugador llegara tan lejos.<\/p>\n<p>\u00a0<\/p>\n<p>\u201cNo, la verdad muchos me cuestionan que si antes de que yo fuera jugador me hubieran dicho que iba a vivir todo esto, pues obviamente no lo creer\u00eda, lo\u00a0 que si es que el futbol me ha dado m\u00e1s de lo que yo imagin\u00e9 y yo tambi\u00e9n le entregado el cien por ciento al futbol, y la verdad he pasado por muchas cosas bonitas\u201d, dijo el \u201c Conejo\u201d.<\/p>\n<p>\u00a0<\/p>\n<p>Cambiando completamente la p\u00e1gina, el portero reconoci\u00f3 que se encuentran enojados por los malos resultados que han tenido, en el que suman una victoria y tres derrotas.<\/p>\n<p>\u00a0<\/p>\n<p>\u201cPor ese lado no estamos contento, estamos molestos por lo que pas\u00f3, sin embargo estamos tranquilos ya que jugamos bien, sobretodo el primer tiempo y parte del segundo. Chivas se encim\u00f3 un poco, pero no tuvo jugadas claras de gol. Ahora esperamos que contra Toluca podamos sumar\u00a0 y quitarnos presi\u00f3n\u201d, puntualiz\u00f3 P\u00e9rez.<\/p>\n<p>\u00a0<\/p>\n<p>De igual manera, agreg\u00f3 que el cuadro del reba\u00f1o sin jugar a un gran nivel les alcanz\u00f3 para vencer a\u00a0 un inoperante Pachuca.\u201cChivas espero m\u00e1s un contragolpe y un error de nosotros. El equipo gener\u00f3 pero no pudimos concretar, pero como les digo, creo que nos quedamos con un sabor de boca pero si debemos mejorar mucho, ya que estamos en el lugar 16 y eso no es bueno, ya que Pachuca no est\u00e1 acostumbrado a estar en los \u00faltimos puestos\u201d.<\/p>\n<p>\u00a0<\/p>\n<p>Finalmente, en cuanto al mal arbitraje de Luis Enrique Santander, en el que se\u00f1al\u00f3 un penal inexistente, el\u00a0 \u201cConejo\u201d explic\u00f3: \u201ctodos somos seres humanos, ya no se puede hacer nada con el arbitraje, lo que ahora pensamos es ganarle al Toluca\u201d, concluy\u00f3 el cancerbero.<\/p>\n","protected":false},"excerpt":{"rendered":"<p>FESTEJO EN LA MADRIGUERA Ayer el cancerbero cumpli\u00f3 42 a\u00f1os de edad, en el que manifest\u00f3 sentirse pleno en el futbol mexicano y a\u00fan no piensa en el retiro<\/p>\n","protected":false},"author":93,"featured_media":0,"comment_status":"open","ping_status":"open","sticky":false,"template":"","format":"standard","meta":{"footnotes":""},"categories":[39],"tags":[],"class_list":["post-278","post","type-post","status-publish","format-standard","hentry","category-deportiva"],"_links":{"self":[{"href":"https:\/\/plazajuarez.mx\/historico\/wp-json\/wp\/v2\/posts\/278","targetHints":{"allow":["GET"]}}],"collection":[{"href":"https:\/\/plazajuarez.mx\/historico\/wp-json\/wp\/v2\/posts"}],"about":[{"href":"https:\/\/plazajuarez.mx\/historico\/wp-json\/wp\/v2\/types\/post"}],"author":[{"embeddable":true,"href":"https:\/\/plazajuarez.mx\/historico\/wp-json\/wp\/v2\/users\/93"}],"replies":[{"embeddable":true,"href":"https:\/\/plazajuarez.mx\/historico\/wp-json\/wp\/v2\/comments?post=278"}],"version-history":[{"count":0,"href":"https:\/\/plazajuarez.mx\/historico\/wp-json\/wp\/v2\/posts\/278\/revisions"}],"wp:attachment":[{"href":"https:\/\/plazajuarez.mx\/historico\/wp-json\/wp\/v2\/media?parent=278"}],"wp:term":[{"taxonomy":"category","embeddable":true,"href":"https:\/\/plazajuarez.mx\/historico\/wp-json\/wp\/v2\/categories?post=278"},{"taxonomy":"post_tag","embeddable":true,"href":"https:\/\/plazajuarez.mx\/historico\/wp-json\/wp\/v2\/tags?post=278"}],"curies":[{"name":"wp","href":"https:\/\/api.w.org\/{rel}","templated":true}]}}