{"id":277997,"date":"2023-08-27T22:22:15","date_gmt":"2023-08-28T04:22:15","guid":{"rendered":"https:\/\/plazajuarez.mx\/?p=277997"},"modified":"2023-08-27T22:22:17","modified_gmt":"2023-08-28T04:22:17","slug":"sale-libre-victor-manuell-c-tendra-que-acudira-firmar-periodicamente","status":"publish","type":"post","link":"https:\/\/plazajuarez.mx\/historico\/sale-libre-victor-manuell-c-tendra-que-acudira-firmar-periodicamente\/","title":{"rendered":"Sale libre V\u00edctor Manuel\u201cL\u201d \u201cC\u201d, tendr\u00e1 que acudira firmar peri\u00f3dicamente"},"content":{"rendered":"\n<p>La noche de este domingo, la Procuradur\u00eda General de Justicia del estado de Hidalgo, dio a conocer que por hechos que la ley sanciona como negociaciones indebidas, el pasado 6 de julio, una persona exdirigente del Sindicato de Gobierno identificada con el nombre de V\u00edctor Manuel \u201cL\u201d \u201cC\u201d, quien habr\u00eda interpuesto un amparo, abandon\u00f3 su internamiento en el Centro de Reinserci\u00f3n Social de Pachuca, ya que el juez que conoce del caso, le autorizo la solicitud y le decret\u00f3 el cambio de medidas cautelares.<\/p>\n\n\n\n<p>Del imputado se recuerda que con antelaci\u00f3n fue vinculado a proceso por la autoridad judicial, quien inicialmente le impuso la medida cautelar de prisi\u00f3n preventiva justificada.<\/p>\n\n\n\n<p>No obstante, en raz\u00f3n del amparo interpuesto por su defensa, en la continuaci\u00f3n de su audiencia de cambio de medida cautelar, un juez de control suspendi\u00f3 la prisi\u00f3n preventiva justificada para quien se le imputan hechos ocurridos durante su gesti\u00f3n al frente del Sindicato \u00danico de Trabajadores al Servicio del Poder Ejecutivo del Estado de Hidalgo (S. U. T. S. P. E. E. H.).<\/p>\n\n\n\n<p>Por ello a V\u00edctor Manuel le fueron impuestas como medidas cautelares la firma peri\u00f3dica, as\u00ed como la prohibici\u00f3n para salir del pa\u00eds, adem\u00e1s de no acercarse a las oficinas de dicho sindicato y la separaci\u00f3n del cargo.<\/p>\n\n\n\n<p>Finalmente la dependencia de procurar justicia en Hidalgo dej\u00f3 en claro que el proceso penal contra V. M. L. C., contin\u00faa y el pazo para el cierre de la investigaci\u00f3n complementaria concluye en el mes de octubre pr\u00f3ximo.<\/p>\n","protected":false},"excerpt":{"rendered":"<p>La noche de este domingo, la Procuradur\u00eda General de Justicia del estado de Hidalgo, dio a conocer que por hechos que la ley sanciona como negociaciones indebidas, el pasado 6 de julio, una persona exdirigente del Sindicato de Gobierno identificada con el nombre de V\u00edctor Manuel \u201cL\u201d \u201cC\u201d, quien habr\u00eda interpuesto un amparo, abandon\u00f3 su [&hellip;]<\/p>\n","protected":false},"author":93,"featured_media":277998,"comment_status":"closed","ping_status":"closed","sticky":false,"template":"","format":"standard","meta":{"footnotes":""},"categories":[37,15,2159],"tags":[],"class_list":["post-277997","post","type-post","status-publish","format-standard","has-post-thumbnail","hentry","category-barandilla","category-destacadas","category-noticias-de-hidalgo"],"_links":{"self":[{"href":"https:\/\/plazajuarez.mx\/historico\/wp-json\/wp\/v2\/posts\/277997","targetHints":{"allow":["GET"]}}],"collection":[{"href":"https:\/\/plazajuarez.mx\/historico\/wp-json\/wp\/v2\/posts"}],"about":[{"href":"https:\/\/plazajuarez.mx\/historico\/wp-json\/wp\/v2\/types\/post"}],"author":[{"embeddable":true,"href":"https:\/\/plazajuarez.mx\/historico\/wp-json\/wp\/v2\/users\/93"}],"replies":[{"embeddable":true,"href":"https:\/\/plazajuarez.mx\/historico\/wp-json\/wp\/v2\/comments?post=277997"}],"version-history":[{"count":0,"href":"https:\/\/plazajuarez.mx\/historico\/wp-json\/wp\/v2\/posts\/277997\/revisions"}],"wp:featuredmedia":[{"embeddable":true,"href":"https:\/\/plazajuarez.mx\/historico\/wp-json\/wp\/v2\/media\/277998"}],"wp:attachment":[{"href":"https:\/\/plazajuarez.mx\/historico\/wp-json\/wp\/v2\/media?parent=277997"}],"wp:term":[{"taxonomy":"category","embeddable":true,"href":"https:\/\/plazajuarez.mx\/historico\/wp-json\/wp\/v2\/categories?post=277997"},{"taxonomy":"post_tag","embeddable":true,"href":"https:\/\/plazajuarez.mx\/historico\/wp-json\/wp\/v2\/tags?post=277997"}],"curies":[{"name":"wp","href":"https:\/\/api.w.org\/{rel}","templated":true}]}}