{"id":277973,"date":"2023-08-27T05:14:29","date_gmt":"2023-08-27T11:14:29","guid":{"rendered":"https:\/\/plazajuarez.mx\/?p=277973"},"modified":"2023-08-27T05:14:30","modified_gmt":"2023-08-27T11:14:30","slug":"mexico-busca-nuevas-voces-para-llenar-la-ausencia-de-los-grandes-cantantes-de-mariachi","status":"publish","type":"post","link":"https:\/\/plazajuarez.mx\/historico\/mexico-busca-nuevas-voces-para-llenar-la-ausencia-de-los-grandes-cantantes-de-mariachi\/","title":{"rendered":"M\u00e9xico busca nuevas voces para llenar la ausencia de los grandes cantantes de mariachi"},"content":{"rendered":"\n<p>M\u00e9xico busca a las nuevas voces de la m\u00fasica de mariachi en un momento en que este g\u00e9nero se ha quedado sin sus grandes int\u00e9rpretes y entre la juventud es cada vez m\u00e1s desplazado por otras corrientes como los corridos tumbados y el reguet\u00f3n.<\/p>\n\n\n\n<p>Un centenar de cantantes acudieron este fin de semana al llamado del concurso \u201cLa voz del encuentro\u201d convocado como parte de las actividades de la edici\u00f3n 30 del Encuentro internacional del Mariachi y la Charrer\u00eda que se desarrolla el 23 de agosto al 4 de septiembre en Guadalajara (oeste de M\u00e9xico) para buscar a los nuevos talentos de la m\u00fasica ranchera y promover este g\u00e9nero en el mundo.<\/p>\n\n\n\n<p>Misael Z\u00fa\u00f1iga Ram\u00edrez es originario del municipio de Villa de Arriaga en el estado de San Luis Potos\u00ed (centro de M\u00e9xico) y desde hace una d\u00e9cada es la voz principal de un mariachi conformado por su familia, quienes lo animaron a participar en el concurso en el que lleg\u00f3 hasta la fase final.<\/p>\n\n\n\n<p>En entrevista con EFE, el joven de 28 a\u00f1os afirm\u00f3 que la m\u00fasica de mariachi \u201canda muy perdida\u201d entre las nuevas generaciones por la falta de voces que ocupen los espacios que han dejado cantantes estelares como Pedro Infante, Jos\u00e9 Alfredo Jim\u00e9nez, Javier Sol\u00eds y m\u00e1s recientemente, Vicente Fern\u00e1ndez, todos ya fallecidos.<\/p>\n\n\n\n<p>\u201cLa verdad (el g\u00e9nero) s\u00ed anda muy perdido, pero vamos a seguir promoviendo a la gente a que lo siga. Se nos fueron los grandes y es muy dif\u00edcil que alguien que se dedique a cantar esta m\u00fasica vaya para arriba (en su carrera)\u201d, afirm\u00f3 antes de su participaci\u00f3n en el concierto para definir al ganador del concurso.<\/p>\n\n\n\n<p>La pasi\u00f3n por la m\u00fasica ranchera y las ganas de despegar en una industria musical que produce cada vez menos sencillos con mariachi motiv\u00f3 a int\u00e9rpretes de todos los rincones de M\u00e9xico a participar en el concurso en el que los finalistas recibieron clases de reconocidos maestros de la m\u00fasica vern\u00e1cula.<\/p>\n\n\n\n<p>Abraham Adame cont\u00f3 a EFE que viaj\u00f3 a Guadalajara desde su natal Le\u00f3n, Guanajuato (centro de M\u00e9xico) con la ilusi\u00f3n de cumplir su anhelo infantil de convertirse en un cantante profesional de mariachi, sue\u00f1o que se ha aplazado a falta de plataformas donde mostrar su talento.<\/p>\n\n\n\n<p>\u201cVicente Fern\u00e1ndez, Alejandro Fern\u00e1ndez son los m\u00e1s renombrados o Pepe Aguilar, no ha habido nuevos talentos que hayan salido (&#8230;) siento que a falta de apoyo, que ya no ha habido tanta incursi\u00f3n en esto de la m\u00fasica mexicana, se van todos (los cantantes) m\u00e1s al pop, a lo m\u00e1s conocido, lo m\u00e1s popular\u201d, explic\u00f3.<\/p>\n\n\n\n<p>Los 10 finalistas fueron parte de un concierto al aire libre en el centro de la ciudad, este fin de semana, en el que el p\u00fablico conoci\u00f3 su talento y los jurados eligieron a tres ganadores.<\/p>\n\n\n\n<p>Adri\u00e1n Cabrera, un joven de 30 a\u00f1os originario de un pueblo en Los Altos, Jalisco, dej\u00f3 la m\u00fasica norte\u00f1a para dedicarse al mariachi. En una entrevista con EFE defendi\u00f3 a este g\u00e9nero al que, consider\u00f3, se le ha perdido el respeto.<\/p>\n\n\n\n<p>\u201cSe le est\u00e1 perdiendo un poco el respeto, es nuestra m\u00fasica de M\u00e9xico, la que nos representan a nivel mundial. En un programa de televisi\u00f3n me dec\u00edan que la forma de colocar la voz al estilo mariachi estaba pasada de moda y es algo que no tenemos que dejar que nos hagan, tenemos que defender esta forma de cantar el mariachi\u201d, expres\u00f3.<\/p>\n\n\n\n<p>Consider\u00f3 que frente a otros g\u00e9neros musicales, el mariachi conserva la calidad musical que le dio fama a nivel mundial y que marc\u00f3 al menos a tres generaciones.<\/p>\n\n\n\n<p>\u201cLas nuevas generaciones est\u00e1n banalizando un poco la m\u00fasica, la m\u00fasica del mariachi es lo mejor que hay, tiene calidad musicalmente, se le pone mucha alma, mucho coraz\u00f3n, al momento de escuchar mariachi, se te enciende la piel, con eso tienes para saber qu\u00e9 es calidad\u201d, indic\u00f3.<\/p>\n","protected":false},"excerpt":{"rendered":"<p>M\u00e9xico busca a las nuevas voces de la m\u00fasica de mariachi en un momento en que este g\u00e9nero se ha quedado sin sus grandes int\u00e9rpretes y entre la juventud es cada vez m\u00e1s desplazado por otras corrientes como los corridos tumbados y el reguet\u00f3n. Un centenar de cantantes acudieron este fin de semana al llamado [&hellip;]<\/p>\n","protected":false},"author":80,"featured_media":277974,"comment_status":"closed","ping_status":"closed","sticky":false,"template":"","format":"standard","meta":{"footnotes":""},"categories":[36],"tags":[],"class_list":["post-277973","post","type-post","status-publish","format-standard","has-post-thumbnail","hentry","category-nacion"],"_links":{"self":[{"href":"https:\/\/plazajuarez.mx\/historico\/wp-json\/wp\/v2\/posts\/277973","targetHints":{"allow":["GET"]}}],"collection":[{"href":"https:\/\/plazajuarez.mx\/historico\/wp-json\/wp\/v2\/posts"}],"about":[{"href":"https:\/\/plazajuarez.mx\/historico\/wp-json\/wp\/v2\/types\/post"}],"author":[{"embeddable":true,"href":"https:\/\/plazajuarez.mx\/historico\/wp-json\/wp\/v2\/users\/80"}],"replies":[{"embeddable":true,"href":"https:\/\/plazajuarez.mx\/historico\/wp-json\/wp\/v2\/comments?post=277973"}],"version-history":[{"count":0,"href":"https:\/\/plazajuarez.mx\/historico\/wp-json\/wp\/v2\/posts\/277973\/revisions"}],"wp:featuredmedia":[{"embeddable":true,"href":"https:\/\/plazajuarez.mx\/historico\/wp-json\/wp\/v2\/media\/277974"}],"wp:attachment":[{"href":"https:\/\/plazajuarez.mx\/historico\/wp-json\/wp\/v2\/media?parent=277973"}],"wp:term":[{"taxonomy":"category","embeddable":true,"href":"https:\/\/plazajuarez.mx\/historico\/wp-json\/wp\/v2\/categories?post=277973"},{"taxonomy":"post_tag","embeddable":true,"href":"https:\/\/plazajuarez.mx\/historico\/wp-json\/wp\/v2\/tags?post=277973"}],"curies":[{"name":"wp","href":"https:\/\/api.w.org\/{rel}","templated":true}]}}