{"id":277301,"date":"2023-08-23T07:58:49","date_gmt":"2023-08-23T13:58:49","guid":{"rendered":"https:\/\/plazajuarez.mx\/?p=277301"},"modified":"2023-08-23T07:58:51","modified_gmt":"2023-08-23T13:58:51","slug":"personal-de-la-semarnath-compartio-experiencias-con-alumnos-de-la-utmir","status":"publish","type":"post","link":"https:\/\/plazajuarez.mx\/historico\/personal-de-la-semarnath-compartio-experiencias-con-alumnos-de-la-utmir\/","title":{"rendered":"Personal de la Semarnath comparti\u00f3 experiencias con alumnos de la UTMIR"},"content":{"rendered":"\n<p>Con la finalidad de abonar y fortalecer programas educativos en favor de la comunidad estudiantil de la Universidad Tecnol\u00f3gica de Mineral de la Reforma (UTMIR), personal de la Secretar\u00eda de Medio Ambiente y Recursos Naturales de Hidalgo (Semarnath), particip\u00f3 en el taller \u201cAn\u00e1lisis Situacional del Trabajo de TSU e Ingenier\u00eda en Agrobiotecnolog\u00eda\u201d, donde compartieron sus experiencias con las y los alumnos de esta instituci\u00f3n educativa.<\/p>\n","protected":false},"excerpt":{"rendered":"<p>Con la finalidad de abonar y fortalecer programas educativos en favor de la comunidad estudiantil de la Universidad Tecnol\u00f3gica de Mineral de la Reforma (UTMIR), personal de la Secretar\u00eda de Medio Ambiente y Recursos Naturales de Hidalgo (Semarnath), particip\u00f3 en el taller \u201cAn\u00e1lisis Situacional del Trabajo de TSU e Ingenier\u00eda en Agrobiotecnolog\u00eda\u201d, donde compartieron sus [&hellip;]<\/p>\n","protected":false},"author":93,"featured_media":277306,"comment_status":"closed","ping_status":"closed","sticky":false,"template":"","format":"standard","meta":{"footnotes":""},"categories":[59],"tags":[],"class_list":["post-277301","post","type-post","status-publish","format-standard","has-post-thumbnail","hentry","category-general"],"_links":{"self":[{"href":"https:\/\/plazajuarez.mx\/historico\/wp-json\/wp\/v2\/posts\/277301","targetHints":{"allow":["GET"]}}],"collection":[{"href":"https:\/\/plazajuarez.mx\/historico\/wp-json\/wp\/v2\/posts"}],"about":[{"href":"https:\/\/plazajuarez.mx\/historico\/wp-json\/wp\/v2\/types\/post"}],"author":[{"embeddable":true,"href":"https:\/\/plazajuarez.mx\/historico\/wp-json\/wp\/v2\/users\/93"}],"replies":[{"embeddable":true,"href":"https:\/\/plazajuarez.mx\/historico\/wp-json\/wp\/v2\/comments?post=277301"}],"version-history":[{"count":0,"href":"https:\/\/plazajuarez.mx\/historico\/wp-json\/wp\/v2\/posts\/277301\/revisions"}],"wp:featuredmedia":[{"embeddable":true,"href":"https:\/\/plazajuarez.mx\/historico\/wp-json\/wp\/v2\/media\/277306"}],"wp:attachment":[{"href":"https:\/\/plazajuarez.mx\/historico\/wp-json\/wp\/v2\/media?parent=277301"}],"wp:term":[{"taxonomy":"category","embeddable":true,"href":"https:\/\/plazajuarez.mx\/historico\/wp-json\/wp\/v2\/categories?post=277301"},{"taxonomy":"post_tag","embeddable":true,"href":"https:\/\/plazajuarez.mx\/historico\/wp-json\/wp\/v2\/tags?post=277301"}],"curies":[{"name":"wp","href":"https:\/\/api.w.org\/{rel}","templated":true}]}}