{"id":276993,"date":"2023-08-21T14:08:43","date_gmt":"2023-08-21T20:08:43","guid":{"rendered":"https:\/\/plazajuarez.mx\/?p=276993"},"modified":"2023-08-21T14:08:45","modified_gmt":"2023-08-21T20:08:45","slug":"futbolistas-mexicanos-que-jugaran-la-temporada-2023-24-en-europa","status":"publish","type":"post","link":"https:\/\/plazajuarez.mx\/historico\/futbolistas-mexicanos-que-jugaran-la-temporada-2023-24-en-europa\/","title":{"rendered":"Futbolistas mexicanos que jugar\u00e1n la temporada 2023-24 en Europa"},"content":{"rendered":"\n<p>El bal\u00f3n volvi\u00f3 a rodar en el viejo continente con el inicio de la temporada 2023-24. Las ocho mejores ligas de Europa ya comenzaron y, de inmediato, cada partido se vive con intensidad.<\/p>\n\n\n\n<p>Los jugadores mexicanos, que se encuentran jugando del otro lado del charco, viven diferentes realidades en sus respectivos clubes.<\/p>\n\n\n\n<p>Dentro de las competiciones mejores ranqueadas por la UEFA, el m\u00e1ximo organismo del futbol europeo, M\u00e9xico tiene representantes en cinco (Premier League, LaLiga, Serie A, Eredivisie y Jupiler Pro League).<\/p>\n\n\n\n<p>Para este inicio de campa\u00f1a, la mayor\u00eda ya tuvo actividad, incluso los que todav\u00eda podr\u00edan cambiar de equipo.<\/p>\n\n\n\n<p>Algunos futbolistas mexicanos se mantienen como titulares indiscutibles, otros no son inamovibles, pero suman minutos en cada encuentro y, por \u00faltimo, est\u00e1n los que no cuentan para sus entrenadores.<\/p>\n\n\n\n<p>\u00bfQui\u00e9nes son los mexicanos que jugar\u00e1n la temporada 2023-24 en Europa?<\/p>\n\n\n\n<p>Italia-Serie A<\/p>\n\n\n\n<p>Guillermo Ochoa Salernitana<\/p>\n\n\n\n<p>Hirving Lozano Napoli<\/p>\n\n\n\n<p>Johan V\u00e1squez Genoa<\/p>\n\n\n\n<p>Inglaterra-Premier League<\/p>\n\n\n\n<p>Edson \u00c1lvarez West Ham United<\/p>\n\n\n\n<p>Ra\u00fal Jim\u00e9nez Fulham<\/p>\n\n\n\n<p>Espa\u00f1a-LaLiga<\/p>\n\n\n\n<p>Jes\u00fas Corona Sevilla<\/p>\n\n\n\n<p>C\u00e9sar Montes Espanyol<\/p>\n\n\n\n<p>Andr\u00e9s Guardado Real Betis<\/p>\n\n\n\n<p>Pa\u00edses Bajos-Eredivisie<\/p>\n\n\n\n<p>Santiago Gim\u00e9nez Feyenoord<\/p>\n\n\n\n<p>Jorge S\u00e1nchez Ajax<\/p>\n\n\n\n<p>B\u00e9lgica-Jupiler Pro League<\/p>\n\n\n\n<p>Gerardo Arteaga Genk<\/p>\n\n\n\n<p>Jorge Ruvalcaba Standard de Lieja<\/p>\n","protected":false},"excerpt":{"rendered":"<p>El bal\u00f3n volvi\u00f3 a rodar en el viejo continente con el inicio de la temporada 2023-24. Las ocho mejores ligas de Europa ya comenzaron y, de inmediato, cada partido se vive con intensidad. Los jugadores mexicanos, que se encuentran jugando del otro lado del charco, viven diferentes realidades en sus respectivos clubes. Dentro de las [&hellip;]<\/p>\n","protected":false},"author":81,"featured_media":276994,"comment_status":"closed","ping_status":"closed","sticky":false,"template":"","format":"standard","meta":{"footnotes":""},"categories":[39],"tags":[],"class_list":["post-276993","post","type-post","status-publish","format-standard","has-post-thumbnail","hentry","category-deportiva"],"_links":{"self":[{"href":"https:\/\/plazajuarez.mx\/historico\/wp-json\/wp\/v2\/posts\/276993","targetHints":{"allow":["GET"]}}],"collection":[{"href":"https:\/\/plazajuarez.mx\/historico\/wp-json\/wp\/v2\/posts"}],"about":[{"href":"https:\/\/plazajuarez.mx\/historico\/wp-json\/wp\/v2\/types\/post"}],"author":[{"embeddable":true,"href":"https:\/\/plazajuarez.mx\/historico\/wp-json\/wp\/v2\/users\/81"}],"replies":[{"embeddable":true,"href":"https:\/\/plazajuarez.mx\/historico\/wp-json\/wp\/v2\/comments?post=276993"}],"version-history":[{"count":0,"href":"https:\/\/plazajuarez.mx\/historico\/wp-json\/wp\/v2\/posts\/276993\/revisions"}],"wp:featuredmedia":[{"embeddable":true,"href":"https:\/\/plazajuarez.mx\/historico\/wp-json\/wp\/v2\/media\/276994"}],"wp:attachment":[{"href":"https:\/\/plazajuarez.mx\/historico\/wp-json\/wp\/v2\/media?parent=276993"}],"wp:term":[{"taxonomy":"category","embeddable":true,"href":"https:\/\/plazajuarez.mx\/historico\/wp-json\/wp\/v2\/categories?post=276993"},{"taxonomy":"post_tag","embeddable":true,"href":"https:\/\/plazajuarez.mx\/historico\/wp-json\/wp\/v2\/tags?post=276993"}],"curies":[{"name":"wp","href":"https:\/\/api.w.org\/{rel}","templated":true}]}}