{"id":276990,"date":"2023-08-21T14:04:07","date_gmt":"2023-08-21T20:04:07","guid":{"rendered":"https:\/\/plazajuarez.mx\/?p=276990"},"modified":"2023-08-21T14:04:09","modified_gmt":"2023-08-21T20:04:09","slug":"un-sismo-de-magnitud-6-sacude-la-costa-sur-de-ecuador-y-el-norte-de-peru","status":"publish","type":"post","link":"https:\/\/plazajuarez.mx\/historico\/un-sismo-de-magnitud-6-sacude-la-costa-sur-de-ecuador-y-el-norte-de-peru\/","title":{"rendered":"Un sismo de magnitud 6 sacude la costa sur de Ecuador y el norte de Per\u00fa"},"content":{"rendered":"\n<p>Un sismo de magnitud 6 sacudi\u00f3 en la madrugada de este lunes la costa sur de Ecuador y el norte de Per\u00fa, sin que hasta el momento se haya informado de da\u00f1os f\u00edsicos ni materiales, seg\u00fan los primeros reportes oficiales.<\/p>\n\n\n\n<p>El Instituto Geof\u00edsico (IG) de la Escuela Polit\u00e9cnico Nacional registr\u00f3 el movimiento tel\u00farico a las 00:24 hora local (5:24 GMT) y su epicentro lo situ\u00f3 a menos de 15 kil\u00f3metros al oeste de la ciudad Machala, capital de la sure\u00f1a provincia costera de El Oro, fronteriza con Per\u00fa.<\/p>\n\n\n\n<p>El sismo, que se origin\u00f3 a unos 30 kil\u00f3metros de profundidad terrestre, se sinti\u00f3 con intensidad fuerte en otras ciudades ecuatorianas cercanas como la portuaria Guayaquil, donde tambi\u00e9n caus\u00f3 alarma y algunas personas evacuaron los edificios para dirigirse a la calle.<\/p>\n\n\n\n<p>Mientras, el Instituto Geof\u00edsico de Per\u00fa (IGP) registr\u00f3 el temblor con una magnitud de 5,6 y con una profundidad de 58 kil\u00f3metros que hizo que se sintiera con una intensidad tambi\u00e9n fuerte en la localidad peruana de Zarumilla, ubicada en la frontera con Ecuador.<\/p>\n\n\n\n<p>El Instituto Oceanogr\u00e1fico y Ant\u00e1rtico de la Armada de Ecuador (Inocar) precis\u00f3 que el sismo no re\u00fane las condiciones para generar un tsunami en la costa continental ecuatoriana.<\/p>\n\n\n\n<p>Tanto Ecuador como Per\u00fa se encuentran en la denominada zona del Cintur\u00f3n de fuego del Pac\u00edfico, un anillo que recorre la costa oeste de Am\u00e9rica y la costa este de Asia y Ocean\u00eda, donde se produce el 80 % de la actividad s\u00edsmica mundial.<\/p>\n","protected":false},"excerpt":{"rendered":"<p>Un sismo de magnitud 6 sacudi\u00f3 en la madrugada de este lunes la costa sur de Ecuador y el norte de Per\u00fa, sin que hasta el momento se haya informado de da\u00f1os f\u00edsicos ni materiales, seg\u00fan los primeros reportes oficiales. El Instituto Geof\u00edsico (IG) de la Escuela Polit\u00e9cnico Nacional registr\u00f3 el movimiento tel\u00farico a las [&hellip;]<\/p>\n","protected":false},"author":80,"featured_media":276991,"comment_status":"closed","ping_status":"closed","sticky":false,"template":"","format":"standard","meta":{"footnotes":""},"categories":[31],"tags":[],"class_list":["post-276990","post","type-post","status-publish","format-standard","has-post-thumbnail","hentry","category-orbe"],"_links":{"self":[{"href":"https:\/\/plazajuarez.mx\/historico\/wp-json\/wp\/v2\/posts\/276990","targetHints":{"allow":["GET"]}}],"collection":[{"href":"https:\/\/plazajuarez.mx\/historico\/wp-json\/wp\/v2\/posts"}],"about":[{"href":"https:\/\/plazajuarez.mx\/historico\/wp-json\/wp\/v2\/types\/post"}],"author":[{"embeddable":true,"href":"https:\/\/plazajuarez.mx\/historico\/wp-json\/wp\/v2\/users\/80"}],"replies":[{"embeddable":true,"href":"https:\/\/plazajuarez.mx\/historico\/wp-json\/wp\/v2\/comments?post=276990"}],"version-history":[{"count":0,"href":"https:\/\/plazajuarez.mx\/historico\/wp-json\/wp\/v2\/posts\/276990\/revisions"}],"wp:featuredmedia":[{"embeddable":true,"href":"https:\/\/plazajuarez.mx\/historico\/wp-json\/wp\/v2\/media\/276991"}],"wp:attachment":[{"href":"https:\/\/plazajuarez.mx\/historico\/wp-json\/wp\/v2\/media?parent=276990"}],"wp:term":[{"taxonomy":"category","embeddable":true,"href":"https:\/\/plazajuarez.mx\/historico\/wp-json\/wp\/v2\/categories?post=276990"},{"taxonomy":"post_tag","embeddable":true,"href":"https:\/\/plazajuarez.mx\/historico\/wp-json\/wp\/v2\/tags?post=276990"}],"curies":[{"name":"wp","href":"https:\/\/api.w.org\/{rel}","templated":true}]}}