{"id":276984,"date":"2023-08-21T14:01:36","date_gmt":"2023-08-21T20:01:36","guid":{"rendered":"https:\/\/plazajuarez.mx\/?p=276984"},"modified":"2023-08-21T14:01:38","modified_gmt":"2023-08-21T20:01:38","slug":"muere-un-hombre-en-grecia-en-la-ultima-oleada-de-incendios","status":"publish","type":"post","link":"https:\/\/plazajuarez.mx\/historico\/muere-un-hombre-en-grecia-en-la-ultima-oleada-de-incendios\/","title":{"rendered":"Muere un hombre en Grecia en la \u00faltima oleada de incendios"},"content":{"rendered":"\n<p>Un hombre falleci\u00f3 por los incendios declarados este lunes en la regi\u00f3n griega de Prodromos, situada al noroeste de Atenas, mientras que los bomberos siguen luchando por tercer d\u00eda consecutivo con unas llamas fuera de control en el noreste del pa\u00eds heleno.<\/p>\n\n\n\n<p>Seg\u00fan las primeras informaciones de la televisi\u00f3n p\u00fablica ERT, el fallecido era un ganadero de 80 a\u00f1os que intent\u00f3 salvar a sus animales del incendio que comenz\u00f3 en la ma\u00f1ana de este lunes en la zona y muri\u00f3 intoxicado por el humo.<\/p>\n\n\n\n<p>Seg\u00fan los bomberos, m\u00e1s de medio centenar de efectivos, 16 veh\u00edculos, dos aviones y un helic\u00f3ptero trabajan ya para extinguir el fuego en el lugar, aunque sus esfuerzos se ven dificultados por los fuertes vientos que soplan.<\/p>\n\n\n\n<p>Las autoridades de Protecci\u00f3n Civil emitieron una alerta de emergencia esta ma\u00f1ana con la que aconsejan a los habitantes de Prodromos y de la playa de Saranti que se preparen para una posible evacuaci\u00f3n preventiva, dirigi\u00e9ndolos hacia Thisvi, 16 kil\u00f3metros al este. La medida afecta a unas 500 personas.<\/p>\n\n\n\n<p>Al mismo tiempo, los bomberos contin\u00faan luchando contra el incendio declarado el pasado s\u00e1bado en el noreste de Grecia en &#8220;condiciones meteorol\u00f3gicas extremas&#8221;.<\/p>\n\n\n\n<p>El portavoz de los bomberos, Yannis Artopoyou, explic\u00f3 hoy a los medios del pa\u00eds que hay un importante rebrote de las llamas al norte de la ciudad portuaria de Alejandr\u00f3polis, localizada a unos 25 kil\u00f3metros de la frontera con Turqu\u00eda.<\/p>\n\n\n\n<p>&#8220;Desde el primer momento estamos luchando con unas condiciones meteorol\u00f3gicas extremas. Es dif\u00edcil luchar contra el fuego porque hay demasiado viento&#8221;, dijo Artopoyou.<\/p>\n\n\n\n<p>Atizadas por fuertes vientos, las llamas se desataron en la ma\u00f1ana del s\u00e1bado por razones desconocidas, calcinando bosques y matorrales en una zona rural de Tracia Occidental, cerca de Alejandr\u00f3polis.<\/p>\n\n\n\n<p>Las fuerzas que combaten el fuego se han reforzado desde la pasada madrugada con siete aviones y cuatro helic\u00f3pteros adicionales, y se suman as\u00ed a los 176 bomberos, 48 camiones cisternas, 4 hidroaviones y 2 helic\u00f3pteros que trabajan desde el s\u00e1bado en las labores de extinci\u00f3n.<\/p>\n\n\n\n<p>El fuego ha quemado viviendas, autom\u00f3viles y una iglesia en las localidades de Aetochori y Pefka, inform\u00f3 la televisi\u00f3n ERT.<\/p>\n\n\n\n<p>Al menos doce aldeas fueron evacuadas el s\u00e1bado por orden de las autoridades, que declararon la &#8220;situaci\u00f3n de emergencia&#8221; en Alejandr\u00f3polis y sus alrededores, y enviaron mensajes de alerta a los residentes de la zona para que est\u00e9n listos para abandonar sus viviendas en cualquier momento.<\/p>\n\n\n\n<p>Tres personas mayores han sido hospitalizadas con problemas respiratorios debido al denso humo, mientras que el comandante del servicio de bomberos de la unidad regional de Evros tambi\u00e9n ha sido trasladado al hospital de Alexandroupolis por una &#8220;indisposici\u00f3n&#8221;.<\/p>\n","protected":false},"excerpt":{"rendered":"<p>Un hombre falleci\u00f3 por los incendios declarados este lunes en la regi\u00f3n griega de Prodromos, situada al noroeste de Atenas, mientras que los bomberos siguen luchando por tercer d\u00eda consecutivo con unas llamas fuera de control en el noreste del pa\u00eds heleno. Seg\u00fan las primeras informaciones de la televisi\u00f3n p\u00fablica ERT, el fallecido era un [&hellip;]<\/p>\n","protected":false},"author":80,"featured_media":276985,"comment_status":"closed","ping_status":"closed","sticky":false,"template":"","format":"standard","meta":{"footnotes":""},"categories":[31],"tags":[],"class_list":["post-276984","post","type-post","status-publish","format-standard","has-post-thumbnail","hentry","category-orbe"],"_links":{"self":[{"href":"https:\/\/plazajuarez.mx\/historico\/wp-json\/wp\/v2\/posts\/276984","targetHints":{"allow":["GET"]}}],"collection":[{"href":"https:\/\/plazajuarez.mx\/historico\/wp-json\/wp\/v2\/posts"}],"about":[{"href":"https:\/\/plazajuarez.mx\/historico\/wp-json\/wp\/v2\/types\/post"}],"author":[{"embeddable":true,"href":"https:\/\/plazajuarez.mx\/historico\/wp-json\/wp\/v2\/users\/80"}],"replies":[{"embeddable":true,"href":"https:\/\/plazajuarez.mx\/historico\/wp-json\/wp\/v2\/comments?post=276984"}],"version-history":[{"count":0,"href":"https:\/\/plazajuarez.mx\/historico\/wp-json\/wp\/v2\/posts\/276984\/revisions"}],"wp:featuredmedia":[{"embeddable":true,"href":"https:\/\/plazajuarez.mx\/historico\/wp-json\/wp\/v2\/media\/276985"}],"wp:attachment":[{"href":"https:\/\/plazajuarez.mx\/historico\/wp-json\/wp\/v2\/media?parent=276984"}],"wp:term":[{"taxonomy":"category","embeddable":true,"href":"https:\/\/plazajuarez.mx\/historico\/wp-json\/wp\/v2\/categories?post=276984"},{"taxonomy":"post_tag","embeddable":true,"href":"https:\/\/plazajuarez.mx\/historico\/wp-json\/wp\/v2\/tags?post=276984"}],"curies":[{"name":"wp","href":"https:\/\/api.w.org\/{rel}","templated":true}]}}