{"id":276981,"date":"2023-08-21T13:55:59","date_gmt":"2023-08-21T19:55:59","guid":{"rendered":"https:\/\/plazajuarez.mx\/?p=276981"},"modified":"2023-08-21T13:56:01","modified_gmt":"2023-08-21T19:56:01","slug":"el-arte-aliado-de-las-afganas-para-protestar-contra-la-represion-de-los-talibanes","status":"publish","type":"post","link":"https:\/\/plazajuarez.mx\/historico\/el-arte-aliado-de-las-afganas-para-protestar-contra-la-represion-de-los-talibanes\/","title":{"rendered":"El arte: aliado de las afganas para protestar contra la represi\u00f3n de los talibanes"},"content":{"rendered":"\n<p>Reprimidas desde la llegada al poder de los talibanes, cuando comenz\u00f3 el goteo de restricciones contra las mujeres para apartarlas de la vida p\u00fablica, varias afganas han encontrado en la pintura una manera de expresar el infierno en el que viven, a trav\u00e9s de una academia de arte que exhibi\u00f3 m\u00e1s de cien obras de estas artistas.<\/p>\n\n\n\n<p>\u201cDibujamos con l\u00e1piz y papel nuestros sue\u00f1os, dolores y la tragedia que estamos atravesando para llevar el mensaje a la gente y al mundo&#8221;, dijo a EFE una de las profesoras de arte de la academia &#8220;Siete Colores&#8221;, en Kabul, Shakar Rustami, y organizadora de una exposici\u00f3n que la semana pasada exhibi\u00f3 120 cuadros donde las 35 alumnas de la academia transmit\u00edan sus vivencias.<\/p>\n\n\n\n<p>Rustami, de 18 a\u00f1os, fue una de las miles de afganas que vio truncada su carrera acad\u00e9mica cuando los talibanes prohibieron la educaci\u00f3n femenina secundaria, lo que le empuj\u00f3 a unirse a esta academia para ense\u00f1ar a pintar a otras chicas como ella.<\/p>\n\n\n\n<p>Una idea que dio lugar a esta exposici\u00f3n, que durante tres d\u00edas mostr\u00f3 las creaciones en las que las alumnas relataron gr\u00e1ficamente la represi\u00f3n sufrida en estos dos a\u00f1os y experiencias cercanas como atentados que hab\u00edan azotado sus vidas<\/p>\n\n\n\n<p>Ese fue el caso de una pintura que mostraba a una ni\u00f1a con su bol\u00edgrafo y cuaderno manchados de sangre sobre su pupitre, representando el ataque suicida contra un instituto en el que result\u00f3 gravemente herido el hermano mayor de su pintora, Zulaikha Amini.<\/p>\n\n\n\n<p>Ella cursaba el tercer a\u00f1o de Psicolog\u00eda en la Universidad de Kabul cuando los talibanes prohibieron a las mujeres continuar con su formaci\u00f3n universitaria y ante la falta de recursos en su familia, donde solo trabajaba su padre, decidi\u00f3 convertirse en una artista.<\/p>\n\n\n\n<p>GOTEO DE RESTRICCIONES<\/p>\n\n\n\n<p>Dentro del amplio abanico de restricciones que afrontan las afganas como ellas, que incluyen el veto a la educaci\u00f3n secundaria y universitaria o al trabajo, o la imposici\u00f3n del burka en lugares p\u00fablicos y de ir a acompa\u00f1ados de un familiar masculino en trayectos largos, la pintura es uno de los pocos derechos que las mujeres no han visto erradicados, de momento, en Afganist\u00e1n.<\/p>\n\n\n\n<p>Por lo que Amini resalt\u00f3 que el prop\u00f3sito de la exposici\u00f3n &#8220;era motivar a las ni\u00f1as y mujeres angustiadas y mostrar&#8221; su talento, mientras las mantiene &#8220;ocupadas para sobrevivir en esta situaci\u00f3n tensa\u201d.<\/p>\n\n\n\n<p>Una tensi\u00f3n que tambi\u00e9n se esforzaba por retratar otro cuadro situado a unos pocos metros de distancia, donde se observaba el ojo de una mujer con un pa\u00f1uelo y con l\u00e1grimas en su rostro, que seg\u00fan su artista, Marzia, simbolizaba &#8220;la tragedia de las mujeres y ni\u00f1as afganas&#8221;.<\/p>\n\n\n\n<p>A pesar de que la totalidad de las alumnas de la academia son mujeres, tambi\u00e9n cuenta con varios profesores varones, lo que propici\u00f3 que uno de ellos permaneciera arrestado durante dos d\u00edas por las autoridades del todopoderoso Ministerio de Propagaci\u00f3n de la Virtud y Prevenci\u00f3n del Vicio, ya que los talibanes proh\u00edben que los hombres y las mujeres trabajen en un mismo espacio.<\/p>\n\n\n\n<p>Raz\u00f3n por la que el fundador de la academia, Ranji Khan, explic\u00f3 a EFE que organizaron la exposici\u00f3n al margen del Gobierno talib\u00e1n, puesto que no solo se saltaban esta prohibici\u00f3n, sino que tambi\u00e9n pasaban por alto aquella que veta los dibujos de figuras humanas, por ir en contra de la ley isl\u00e1mica o Sharia.<\/p>\n\n\n\n<p>Una desobediencia que, al mismo tiempo, se convirti\u00f3 en una llamada de socorro hacia la comunidad internacional, a la que Amini pidi\u00f3 ayuda y reclam\u00f3 que \u201cno deber\u00eda reconocer al Gobierno talib\u00e1n hasta que (este) reconozca a las mujeres\u201d.<\/p>\n","protected":false},"excerpt":{"rendered":"<p>Reprimidas desde la llegada al poder de los talibanes, cuando comenz\u00f3 el goteo de restricciones contra las mujeres para apartarlas de la vida p\u00fablica, varias afganas han encontrado en la pintura una manera de expresar el infierno en el que viven, a trav\u00e9s de una academia de arte que exhibi\u00f3 m\u00e1s de cien obras de [&hellip;]<\/p>\n","protected":false},"author":80,"featured_media":276982,"comment_status":"closed","ping_status":"closed","sticky":false,"template":"","format":"standard","meta":{"footnotes":""},"categories":[41],"tags":[],"class_list":["post-276981","post","type-post","status-publish","format-standard","has-post-thumbnail","hentry","category-arteria-cultural"],"_links":{"self":[{"href":"https:\/\/plazajuarez.mx\/historico\/wp-json\/wp\/v2\/posts\/276981","targetHints":{"allow":["GET"]}}],"collection":[{"href":"https:\/\/plazajuarez.mx\/historico\/wp-json\/wp\/v2\/posts"}],"about":[{"href":"https:\/\/plazajuarez.mx\/historico\/wp-json\/wp\/v2\/types\/post"}],"author":[{"embeddable":true,"href":"https:\/\/plazajuarez.mx\/historico\/wp-json\/wp\/v2\/users\/80"}],"replies":[{"embeddable":true,"href":"https:\/\/plazajuarez.mx\/historico\/wp-json\/wp\/v2\/comments?post=276981"}],"version-history":[{"count":0,"href":"https:\/\/plazajuarez.mx\/historico\/wp-json\/wp\/v2\/posts\/276981\/revisions"}],"wp:featuredmedia":[{"embeddable":true,"href":"https:\/\/plazajuarez.mx\/historico\/wp-json\/wp\/v2\/media\/276982"}],"wp:attachment":[{"href":"https:\/\/plazajuarez.mx\/historico\/wp-json\/wp\/v2\/media?parent=276981"}],"wp:term":[{"taxonomy":"category","embeddable":true,"href":"https:\/\/plazajuarez.mx\/historico\/wp-json\/wp\/v2\/categories?post=276981"},{"taxonomy":"post_tag","embeddable":true,"href":"https:\/\/plazajuarez.mx\/historico\/wp-json\/wp\/v2\/tags?post=276981"}],"curies":[{"name":"wp","href":"https:\/\/api.w.org\/{rel}","templated":true}]}}