{"id":276944,"date":"2023-08-21T14:37:51","date_gmt":"2023-08-21T20:37:51","guid":{"rendered":"https:\/\/plazajuarez.mx\/?p=276944"},"modified":"2023-08-21T14:37:53","modified_gmt":"2023-08-21T20:37:53","slug":"juanes-sobre-los-corridos-tumbados-prohibir-la-musica-no-va-a-solucionar-el-problema","status":"publish","type":"post","link":"https:\/\/plazajuarez.mx\/historico\/juanes-sobre-los-corridos-tumbados-prohibir-la-musica-no-va-a-solucionar-el-problema\/","title":{"rendered":"Juanes sobre los corridos tumbados: &#8220;Prohibir la m\u00fasica no va a solucionar el problema&#8221;"},"content":{"rendered":"\n<p>El cantante colombiano Juanes, quien se presentar\u00e1 en M\u00e9xico el pr\u00f3ximo 19 de octubre, consider\u00f3 este lunes que las recientes prohibiciones de interpretar corridos tumbados en algunos lugares del pa\u00eds no son la soluci\u00f3n contra la violencia.<\/p>\n\n\n\n<p>&#8220;Criticar o prohibir la m\u00fasica no va a solucionar el problema, la m\u00fasica al final es arte, una forma de expresi\u00f3n, aunque no es que disfrute la apolog\u00eda al crimen ni nada de esas cosas, pero puede ser mejor que hagan una canci\u00f3n a que tomen un arma y maten a alguien&#8221;, dijo el cantante en una conferencia de prensa en la capital mexicana.<\/p>\n\n\n\n<p>El artista dud\u00f3 si las prohibiciones sirven de ayuda porque la m\u00fasica es, para \u00e9l, un reflejo de la sociedad que el ser humano construye.<\/p>\n\n\n\n<p>Adem\u00e1s, dijo, a \u00e9l le gustan los corridos por ser una m\u00fasica compleja y dijo admirar a las personas que interpretan dicho g\u00e9nero.<\/p>\n\n\n\n<p>&#8220;No es una m\u00fasica f\u00e1cil de tocar, tiene que estudiar mucho para tocar as\u00ed, me gusta ese sonido popular, de calle, de cantina&#8221;, opin\u00f3.<\/p>\n\n\n\n<p>Recientemente, lugares como Nayarit o Tijuana han prohibido que se interpreten canciones que violenten a las mujeres o que hagan apolog\u00eda de las armas o las drogas en conciertos y multas para los artistas que lo hagan, algo que ha causado revuelo dentro del gremio ya que actualmente los corridos tumbados y la m\u00fasica regional mexicana en general est\u00e1n viviendo su m\u00e1ximo nivel de popularidad a nivel mundial.<\/p>\n\n\n\n<p>Juanes estar\u00e1 presentando en el Auditorio Nacional su \u00faltimo disco, &#8220;Vida Cotidiana&#8221;, y repasando los \u00e9xitos de sus m\u00e1s de 20 a\u00f1os de carrera en los que se ha convertido en un referente de la m\u00fasica en Latinoam\u00e9rica y en el mundo.<\/p>\n\n\n\n<p>&#8220;Siempre desde el primer momento que visit\u00e9 M\u00e9xico he tenido una conexi\u00f3n con el pa\u00eds, siempre hab\u00eda admirado la m\u00fasica mexicana desde que era peque\u00f1o&#8221;, cont\u00f3 el colombiano, quien visita recurrentemente el pa\u00eds.<\/p>\n\n\n\n<p>A\u00fan as\u00ed, es la primera vez que viene despu\u00e9s de la pandemia de la covid-19.<\/p>\n\n\n\n<p>Sobre esta \u00e9poca, consider\u00f3 que fueron muchos los avances tecnol\u00f3gicos, pero que cada vez que puede subirse a un escenario lo valora mucho m\u00e1s que antes por la posibilidad de estar con el p\u00fablico.<\/p>\n\n\n\n<p>Adem\u00e1s, detall\u00f3 que habr\u00e1 invitados en el concierto pero no dio ning\u00fan nombre.<\/p>\n\n\n\n<p>Por \u00faltimo dijo sentirse muy afortunado de seguir haciendo lo que ama a pesar de todas las modas que van pasando, y dijo admirar a artistas como Rub\u00e9n Blades o Metallica a cuya consolidaci\u00f3n aspira.<\/p>\n\n\n\n<p>Tambi\u00e9n dijo que la industria ha cambiado en cuanto a la participaci\u00f3n y protagonismo de las mujeres artistas y tambi\u00e9n de aquellas que participan de otras maneras en la m\u00fasica.<\/p>\n\n\n\n<p>&#8220;Siento que han cambiado gran cantidad de contextos y de lenguajes, muchas cosas pueden ser ofensivas hoy pero yo escribo siempre desde el amor, admiraci\u00f3n y respeto&#8221;, termin\u00f3.<\/p>\n","protected":false},"excerpt":{"rendered":"<p>El cantante colombiano Juanes, quien se presentar\u00e1 en M\u00e9xico el pr\u00f3ximo 19 de octubre, consider\u00f3 este lunes que las recientes prohibiciones de interpretar corridos tumbados en algunos lugares del pa\u00eds no son la soluci\u00f3n contra la violencia. &#8220;Criticar o prohibir la m\u00fasica no va a solucionar el problema, la m\u00fasica al final es arte, una [&hellip;]<\/p>\n","protected":false},"author":80,"featured_media":277001,"comment_status":"closed","ping_status":"closed","sticky":false,"template":"","format":"standard","meta":{"footnotes":""},"categories":[36],"tags":[],"class_list":["post-276944","post","type-post","status-publish","format-standard","has-post-thumbnail","hentry","category-nacion"],"_links":{"self":[{"href":"https:\/\/plazajuarez.mx\/historico\/wp-json\/wp\/v2\/posts\/276944","targetHints":{"allow":["GET"]}}],"collection":[{"href":"https:\/\/plazajuarez.mx\/historico\/wp-json\/wp\/v2\/posts"}],"about":[{"href":"https:\/\/plazajuarez.mx\/historico\/wp-json\/wp\/v2\/types\/post"}],"author":[{"embeddable":true,"href":"https:\/\/plazajuarez.mx\/historico\/wp-json\/wp\/v2\/users\/80"}],"replies":[{"embeddable":true,"href":"https:\/\/plazajuarez.mx\/historico\/wp-json\/wp\/v2\/comments?post=276944"}],"version-history":[{"count":0,"href":"https:\/\/plazajuarez.mx\/historico\/wp-json\/wp\/v2\/posts\/276944\/revisions"}],"wp:featuredmedia":[{"embeddable":true,"href":"https:\/\/plazajuarez.mx\/historico\/wp-json\/wp\/v2\/media\/277001"}],"wp:attachment":[{"href":"https:\/\/plazajuarez.mx\/historico\/wp-json\/wp\/v2\/media?parent=276944"}],"wp:term":[{"taxonomy":"category","embeddable":true,"href":"https:\/\/plazajuarez.mx\/historico\/wp-json\/wp\/v2\/categories?post=276944"},{"taxonomy":"post_tag","embeddable":true,"href":"https:\/\/plazajuarez.mx\/historico\/wp-json\/wp\/v2\/tags?post=276944"}],"curies":[{"name":"wp","href":"https:\/\/api.w.org\/{rel}","templated":true}]}}