{"id":276852,"date":"2023-08-21T07:40:00","date_gmt":"2023-08-21T13:40:00","guid":{"rendered":"https:\/\/plazajuarez.mx\/?p=276852"},"modified":"2023-08-21T07:40:05","modified_gmt":"2023-08-21T13:40:05","slug":"capturan-a-los-presuntos-asesinos-de-dos-policias-en-zitacuaro-michoacan","status":"publish","type":"post","link":"https:\/\/plazajuarez.mx\/historico\/capturan-a-los-presuntos-asesinos-de-dos-policias-en-zitacuaro-michoacan\/","title":{"rendered":"Capturan a los presuntos asesinos de\u00a0dos polic\u00edas en Zit\u00e1cuaro, Michoac\u00e1n"},"content":{"rendered":"\n<p>Personal de fuerzas estatales y federales, capturaron a tres implicados en el asesinato a tiros de dos elementos de la Polic\u00eda Municipal de Zit\u00e1cuaro, Michoac\u00e1n.<\/p>\n\n\n\n<p>Una oficial y su compa\u00f1ero, fueron atacados a balazos mientras com\u00edan en un establecimiento ubicado en la esquina de las calles Moctezuma y Pueblita.<\/p>\n\n\n\n<p>Testigos refieren que los sujetos armados que dispararon en contra de los elementos tra\u00edan vestimenta con la sigla del C\u00e1rtel Jalisco Nueva Generaci\u00f3n.<\/p>\n\n\n\n<p>En el lugar, perdi\u00f3 la vida uno de los oficiales y su compa\u00f1era qued\u00f3 malherida; sin embargo, minutos despu\u00e9s tambi\u00e9n falleci\u00f3.<\/p>\n\n\n\n<p>Autoridades de seguridad de la regi\u00f3n Oriente, atribuyeron el ataque al jefe de plaza del CJNG en esa zona, William Edwin Rivera Padilla, El Barbas, El \u00c1guila y\/o El X.<\/p>\n\n\n\n<p>Elementos y mandos de diferentes corporaciones de seguridad, ministeriales y militares, montaron un operativo en busca de los asesinos.<\/p>\n\n\n\n<p>La clave era uno de los veh\u00edculos en los que se movilizaban los delincuentes y durante un recorrido, el autom\u00f3vil fue localizado sobre la calle Leandro Valle Sur.<\/p>\n\n\n\n<p>En ese mismo punto, pero sobre las escaleras de un hotel, los oficiales vieron a uno de los sujetos armados, que intent\u00f3 esconderse, pero fue capturado por los elementos.<\/p>\n\n\n\n<p>El delincuente tra\u00eda un arma de fuego en la cintura, al igual que otros dos sujetos que se encontraban tambi\u00e9n dentro de ese hotel y a los que se les asegur\u00f3 droga sint\u00e9tica.<\/p>\n\n\n\n<p>Los tres implicados fueron identificados como Luis Francisco N\u00fa\u00f1ez Hern\u00e1ndez, de 20 a\u00f1os de edad; Dani Brandon Moreno Osorio de 23 a\u00f1os y, Emanuel Alejandro Ponce Aguilera &#8220;El Flores&#8221;.<\/p>\n\n\n\n<p>Durante las investigaciones, el personal policial detect\u00f3 que El Flores, ya hab\u00eda sido detenido en dos ocasiones m\u00e1s este mismo a\u00f1o y liberado por razones desconocidas.<\/p>\n\n\n\n<p>El pasado 3 de abril, elementos policiales de los tres \u00f3rdenes de gobierno, detuvieron a Emanuel Alejandro Ponce Aguilera y a un c\u00f3mplice de \u00e9l, sobre la avenida Revoluci\u00f3n.<\/p>\n\n\n\n<p>El Flores y Francisco Javier Castro Ram\u00edrez, hab\u00edan secuestrado a un hombre y a una mujer del municipio de Zit\u00e1cuaro, adem\u00e1s de dispararle a un automovilista.<\/p>\n\n\n\n<p>Durante el despliegue, los oficiales de las distintas corporaciones policiales y militares rescataron a las v\u00edctimas y detuvieron a los responsables de esos hechos criminales.<\/p>\n\n\n\n<p>Tanto Emanuel Alejandro, como Francisco Javier, fueron puestos a disposici\u00f3n de la autoridad ministerial competente, para que fueran llevados a juicio.<\/p>\n\n\n\n<p>D\u00edas despu\u00e9s fueron dejados en libertad y el 16 de junio de este mismo a\u00f1o, Emanuel Alejandro Ponce Aguilera, fue detenido nuevamente, junto con otro sujeto.<\/p>\n\n\n\n<p>El Flores y la otra persona \u2013menor de edad-, fueron capturados en posesi\u00f3n de armas de fuego de uso exclusivo del Ej\u00e9rcito, en un establecimiento de la colonia El Moral.<\/p>\n\n\n\n<p>Tambi\u00e9n fueron entregados al Ministerio P\u00fablico Federal y d\u00edas despu\u00e9s, por segunda ocasi\u00f3n, dejados en libertad.<\/p>\n","protected":false},"excerpt":{"rendered":"<p>Personal de fuerzas estatales y federales, capturaron a tres implicados en el asesinato a tiros de dos elementos de la Polic\u00eda Municipal de Zit\u00e1cuaro, Michoac\u00e1n. Una oficial y su compa\u00f1ero, fueron atacados a balazos mientras com\u00edan en un establecimiento ubicado en la esquina de las calles Moctezuma y Pueblita. Testigos refieren que los sujetos armados [&hellip;]<\/p>\n","protected":false},"author":81,"featured_media":276853,"comment_status":"closed","ping_status":"closed","sticky":false,"template":"","format":"standard","meta":{"footnotes":""},"categories":[37],"tags":[],"class_list":["post-276852","post","type-post","status-publish","format-standard","has-post-thumbnail","hentry","category-barandilla"],"_links":{"self":[{"href":"https:\/\/plazajuarez.mx\/historico\/wp-json\/wp\/v2\/posts\/276852","targetHints":{"allow":["GET"]}}],"collection":[{"href":"https:\/\/plazajuarez.mx\/historico\/wp-json\/wp\/v2\/posts"}],"about":[{"href":"https:\/\/plazajuarez.mx\/historico\/wp-json\/wp\/v2\/types\/post"}],"author":[{"embeddable":true,"href":"https:\/\/plazajuarez.mx\/historico\/wp-json\/wp\/v2\/users\/81"}],"replies":[{"embeddable":true,"href":"https:\/\/plazajuarez.mx\/historico\/wp-json\/wp\/v2\/comments?post=276852"}],"version-history":[{"count":0,"href":"https:\/\/plazajuarez.mx\/historico\/wp-json\/wp\/v2\/posts\/276852\/revisions"}],"wp:featuredmedia":[{"embeddable":true,"href":"https:\/\/plazajuarez.mx\/historico\/wp-json\/wp\/v2\/media\/276853"}],"wp:attachment":[{"href":"https:\/\/plazajuarez.mx\/historico\/wp-json\/wp\/v2\/media?parent=276852"}],"wp:term":[{"taxonomy":"category","embeddable":true,"href":"https:\/\/plazajuarez.mx\/historico\/wp-json\/wp\/v2\/categories?post=276852"},{"taxonomy":"post_tag","embeddable":true,"href":"https:\/\/plazajuarez.mx\/historico\/wp-json\/wp\/v2\/tags?post=276852"}],"curies":[{"name":"wp","href":"https:\/\/api.w.org\/{rel}","templated":true}]}}