{"id":276833,"date":"2023-08-21T07:34:49","date_gmt":"2023-08-21T13:34:49","guid":{"rendered":"https:\/\/plazajuarez.mx\/?p=276833"},"modified":"2023-08-21T07:34:51","modified_gmt":"2023-08-21T13:34:51","slug":"capacitar-para-conservar-y-transformar","status":"publish","type":"post","link":"https:\/\/plazajuarez.mx\/historico\/capacitar-para-conservar-y-transformar\/","title":{"rendered":"\u201cCAPACITAR PARA CONSERVAR Y TRANSFORMAR\u201d"},"content":{"rendered":"\n<p>Para prevenir, atender y combatir los incendios forestales, en coordinaci\u00f3n con las diferentes instancias encargadas de proteger los bosques hidalguenses, t\u00e9cnicos especializados de la Secretar\u00eda de Medio Ambiente y Recursos Naturales del Estado de Hidalgo (Semarnath), impartieron el curso b\u00e1sico \u201cCapacitar para Conservar y Transformar\u201d, a habitantes de El Carrizal, en Jacala. Adem\u00e1s, realizaron la entrega de 10 palas, 10 cascos, 3 machetes y 10 rastrillos McLeod, que dotar\u00e1n a la localidad de herramientas \u00fatiles para este tipo de siniestros.<\/p>\n","protected":false},"excerpt":{"rendered":"<p>Para prevenir, atender y combatir los incendios forestales, en coordinaci\u00f3n con las diferentes instancias encargadas de proteger los bosques hidalguenses, t\u00e9cnicos especializados de la Secretar\u00eda de Medio Ambiente y Recursos Naturales del Estado de Hidalgo (Semarnath), impartieron el curso b\u00e1sico \u201cCapacitar para Conservar y Transformar\u201d, a habitantes de El Carrizal, en Jacala. Adem\u00e1s, realizaron la [&hellip;]<\/p>\n","protected":false},"author":93,"featured_media":276839,"comment_status":"closed","ping_status":"closed","sticky":false,"template":"","format":"standard","meta":{"footnotes":""},"categories":[2159,40],"tags":[],"class_list":["post-276833","post","type-post","status-publish","format-standard","has-post-thumbnail","hentry","category-noticias-de-hidalgo","category-region"],"_links":{"self":[{"href":"https:\/\/plazajuarez.mx\/historico\/wp-json\/wp\/v2\/posts\/276833","targetHints":{"allow":["GET"]}}],"collection":[{"href":"https:\/\/plazajuarez.mx\/historico\/wp-json\/wp\/v2\/posts"}],"about":[{"href":"https:\/\/plazajuarez.mx\/historico\/wp-json\/wp\/v2\/types\/post"}],"author":[{"embeddable":true,"href":"https:\/\/plazajuarez.mx\/historico\/wp-json\/wp\/v2\/users\/93"}],"replies":[{"embeddable":true,"href":"https:\/\/plazajuarez.mx\/historico\/wp-json\/wp\/v2\/comments?post=276833"}],"version-history":[{"count":0,"href":"https:\/\/plazajuarez.mx\/historico\/wp-json\/wp\/v2\/posts\/276833\/revisions"}],"wp:featuredmedia":[{"embeddable":true,"href":"https:\/\/plazajuarez.mx\/historico\/wp-json\/wp\/v2\/media\/276839"}],"wp:attachment":[{"href":"https:\/\/plazajuarez.mx\/historico\/wp-json\/wp\/v2\/media?parent=276833"}],"wp:term":[{"taxonomy":"category","embeddable":true,"href":"https:\/\/plazajuarez.mx\/historico\/wp-json\/wp\/v2\/categories?post=276833"},{"taxonomy":"post_tag","embeddable":true,"href":"https:\/\/plazajuarez.mx\/historico\/wp-json\/wp\/v2\/tags?post=276833"}],"curies":[{"name":"wp","href":"https:\/\/api.w.org\/{rel}","templated":true}]}}