{"id":276831,"date":"2023-08-21T07:33:55","date_gmt":"2023-08-21T13:33:55","guid":{"rendered":"https:\/\/plazajuarez.mx\/?p=276831"},"modified":"2023-08-21T07:33:56","modified_gmt":"2023-08-21T13:33:56","slug":"previene-pc-de-tepeapulco-ante-pronostico-de-fuertes-lluvias","status":"publish","type":"post","link":"https:\/\/plazajuarez.mx\/historico\/previene-pc-de-tepeapulco-ante-pronostico-de-fuertes-lluvias\/","title":{"rendered":"Previene PC de Tepeapulco, ante pron\u00f3stico de fuertes lluvias"},"content":{"rendered":"\n<p><strong>TEPEAPULCO<\/strong>.- La direcci\u00f3n de Protecci\u00f3n Civil del municipio de Tepeapulco, hizo un aviso preventivo ante la presencia de la onda tropical n\u00famero 24, que ocasionar\u00e1 fuertes lluvias en la regi\u00f3n.<\/p>\n\n\n\n<p>Ante el comunicado emitido por el Servicio Meteorol\u00f3gico Nacional, respecto al pron\u00f3stico de tormentas fuertes que se estar\u00e1n presentando para las pr\u00f3ximas 24 horas.<\/p>\n\n\n\n<p>Daniel P\u00e9rez Maya, titular de PC de Tepeapulco, dijo que con base en el \u00faltimo reporte del organismo, para los estados del centro del pa\u00eds se est\u00e1n pronosticando lluvias, mismas que pueden estar acompa\u00f1adas de tormentas el\u00e9ctricas y rachas de fuertes vientos.<\/p>\n\n\n\n<p>Precis\u00f3 que las condiciones meteorol\u00f3gicas son ocasionadas por diversos canales de baja presi\u00f3n, que se encuentran sobre el centro del pa\u00eds, en combinaci\u00f3n con la inestabilidad en niveles altos de la atm\u00f3sfera y con el ingreso de una masa de aire h\u00famedo procedente del Oc\u00e9ano Pacifico.<\/p>\n\n\n\n<p>Asimismo dijo que en el comunicado emitido se informa de un canal de baja presi\u00f3n en el sureste del pa\u00eds y el ingreso de humedad del Oc\u00e9ano Pac\u00edfico, Golfo de M\u00e9xico y Mar Caribe, que provocar\u00e1n chubascos y lluvias fuertes a puntuales muy fuertes acompa\u00f1adas de descargas el\u00e9ctricas y rachas de viento en el noreste, oriente y sureste de la Rep\u00fablica Mexicana.<\/p>\n\n\n\n<p>Por lo anterior hizo la recomendaci\u00f3n a la poblaci\u00f3n de extremar precauciones en zonas consideradas como de alto riesgo, mantenerse informados de las condiciones climatol\u00f3gicas y no hacer caso a falsos rumores.<\/p>\n\n\n\n<p>Adem\u00e1s de alejarse de zonas de inundaci\u00f3n, de los m\u00e1rgenes de los canales, jag\u00fceyes y represas, as\u00ed como laderas inestables propensas a deslaves o derrumbes.<\/p>\n\n\n\n<p>Se\u00f1al\u00f3 que en coordinaci\u00f3n con la Secretar\u00eda de Seguridad P\u00fablica Municipal, exhortan a los automovilistas a tomar algunas medidas para evitar choques por alcance, volcaduras y salidas del camino con el pavimento mojado.<\/p>\n\n\n\n<p>Tambi\u00e9n recomend\u00f3 reducir la velocidad a menos de 30 kil\u00f3metros por hora ante la presencia de precipitaci\u00f3n, con el objeto de evitar posibles derrapones, revisar el estado de los limpiaparabrisas y las luces del autom\u00f3vil.<\/p>\n","protected":false},"excerpt":{"rendered":"<p>TEPEAPULCO.- La direcci\u00f3n de Protecci\u00f3n Civil del municipio de Tepeapulco, hizo un aviso preventivo ante la presencia de la onda tropical n\u00famero 24, que ocasionar\u00e1 fuertes lluvias en la regi\u00f3n. Ante el comunicado emitido por el Servicio Meteorol\u00f3gico Nacional, respecto al pron\u00f3stico de tormentas fuertes que se estar\u00e1n presentando para las pr\u00f3ximas 24 horas. Daniel [&hellip;]<\/p>\n","protected":false},"author":93,"featured_media":276835,"comment_status":"closed","ping_status":"closed","sticky":false,"template":"","format":"standard","meta":{"footnotes":""},"categories":[2159,40],"tags":[],"class_list":["post-276831","post","type-post","status-publish","format-standard","has-post-thumbnail","hentry","category-noticias-de-hidalgo","category-region"],"_links":{"self":[{"href":"https:\/\/plazajuarez.mx\/historico\/wp-json\/wp\/v2\/posts\/276831","targetHints":{"allow":["GET"]}}],"collection":[{"href":"https:\/\/plazajuarez.mx\/historico\/wp-json\/wp\/v2\/posts"}],"about":[{"href":"https:\/\/plazajuarez.mx\/historico\/wp-json\/wp\/v2\/types\/post"}],"author":[{"embeddable":true,"href":"https:\/\/plazajuarez.mx\/historico\/wp-json\/wp\/v2\/users\/93"}],"replies":[{"embeddable":true,"href":"https:\/\/plazajuarez.mx\/historico\/wp-json\/wp\/v2\/comments?post=276831"}],"version-history":[{"count":0,"href":"https:\/\/plazajuarez.mx\/historico\/wp-json\/wp\/v2\/posts\/276831\/revisions"}],"wp:featuredmedia":[{"embeddable":true,"href":"https:\/\/plazajuarez.mx\/historico\/wp-json\/wp\/v2\/media\/276835"}],"wp:attachment":[{"href":"https:\/\/plazajuarez.mx\/historico\/wp-json\/wp\/v2\/media?parent=276831"}],"wp:term":[{"taxonomy":"category","embeddable":true,"href":"https:\/\/plazajuarez.mx\/historico\/wp-json\/wp\/v2\/categories?post=276831"},{"taxonomy":"post_tag","embeddable":true,"href":"https:\/\/plazajuarez.mx\/historico\/wp-json\/wp\/v2\/tags?post=276831"}],"curies":[{"name":"wp","href":"https:\/\/api.w.org\/{rel}","templated":true}]}}