{"id":276820,"date":"2023-08-21T07:32:24","date_gmt":"2023-08-21T13:32:24","guid":{"rendered":"https:\/\/plazajuarez.mx\/?p=276820"},"modified":"2023-08-21T07:32:27","modified_gmt":"2023-08-21T13:32:27","slug":"buscaran-rehabilitar-el-reloj-monumental","status":"publish","type":"post","link":"https:\/\/plazajuarez.mx\/historico\/buscaran-rehabilitar-el-reloj-monumental\/","title":{"rendered":"Buscar\u00e1n rehabilitar el Reloj Monumental\u00a0"},"content":{"rendered":"\n<p>Julio Menchaca Salazar, gobernador del Estado de Hidalgo, inform\u00f3 que tras comunicarse con el presidente de la rep\u00fablica, Andr\u00e9s Manuel L\u00f3pez Obrador, acordaron que se realice un presupuesto para rehabilitar el emblem\u00e1tico Reloj Monumental de Pachuca, y adelant\u00f3 que se buscar\u00e1 tambi\u00e9n el apoyo para la Plaza Independencia, misma que presenta un deterioro evidente.&nbsp;<\/p>\n\n\n\n<p>El mandatario estatal apunt\u00f3 que ya dio instrucci\u00f3n a la titular de la Secretar\u00eda de Cultura, Tania Meza Escorza, para que comiencen con estos trabajos y record\u00f3 que no se trata solo de un presupuesto econ\u00f3mico sino tambi\u00e9n de los permisos y el cotejo de lineamientos para dichos trabajos con las instancias correspondientes ya que se trata de un monumento hist\u00f3rico.<\/p>\n\n\n\n<p>Cabe destacar que el monumento hist\u00f3rico fue rayado por diferentes colectivos feministas con el objetivo de protestar y visibilizar la violencia que se ejerce contra la mujer desde diversos \u00e1mbitos y en todos los sectores de la sociedad, as\u00ed como los feminicidios que ocurren en la entidad y en todo el pa\u00eds. Forma de protesta que ha dividido la opini\u00f3n p\u00fablica.&nbsp;<\/p>\n\n\n\n<p>Por otra parte, Menchaca Salazar destac\u00f3 que previo a cumplir un a\u00f1o de su gobierno ya realiz\u00f3 la visita a los 84 municipios de la entidad, sin embargo, apunt\u00f3 que esto no debe verse solo como un compromiso de campa\u00f1a cumplido ya que este ejercicio ser\u00e1 constante durante su mandato por lo que enfatiz\u00f3 que continuar\u00e1 el trabajo para llegar a las regiones m\u00e1s necesitadas de toda la entidad.&nbsp;<\/p>\n\n\n\n<p>Finalmente, se\u00f1al\u00f3 que acudir\u00e1 al informe de gobierno de Andr\u00e9s Manuel L\u00f3pez Obrador en Campeche el pr\u00f3ximo primero de septiembre, luego de haber sido invitado personalmente por el Presidente de la Rep\u00fablica, con quien, asegur\u00f3, mantiene una relaci\u00f3n muy cercana y que ha garantizado el apoyo para diversos temas de gran urgencia para Hidalgo.<\/p>\n","protected":false},"excerpt":{"rendered":"<p>Julio Menchaca Salazar, gobernador del Estado de Hidalgo, inform\u00f3 que tras comunicarse con el presidente de la rep\u00fablica, Andr\u00e9s Manuel L\u00f3pez Obrador, acordaron que se realice un presupuesto para rehabilitar el emblem\u00e1tico Reloj Monumental de Pachuca, y adelant\u00f3 que se buscar\u00e1 tambi\u00e9n el apoyo para la Plaza Independencia, misma que presenta un deterioro evidente.&nbsp; El [&hellip;]<\/p>\n","protected":false},"author":72,"featured_media":276829,"comment_status":"closed","ping_status":"closed","sticky":false,"template":"","format":"standard","meta":{"footnotes":""},"categories":[15,59],"tags":[],"class_list":["post-276820","post","type-post","status-publish","format-standard","has-post-thumbnail","hentry","category-destacadas","category-general"],"_links":{"self":[{"href":"https:\/\/plazajuarez.mx\/historico\/wp-json\/wp\/v2\/posts\/276820","targetHints":{"allow":["GET"]}}],"collection":[{"href":"https:\/\/plazajuarez.mx\/historico\/wp-json\/wp\/v2\/posts"}],"about":[{"href":"https:\/\/plazajuarez.mx\/historico\/wp-json\/wp\/v2\/types\/post"}],"author":[{"embeddable":true,"href":"https:\/\/plazajuarez.mx\/historico\/wp-json\/wp\/v2\/users\/72"}],"replies":[{"embeddable":true,"href":"https:\/\/plazajuarez.mx\/historico\/wp-json\/wp\/v2\/comments?post=276820"}],"version-history":[{"count":0,"href":"https:\/\/plazajuarez.mx\/historico\/wp-json\/wp\/v2\/posts\/276820\/revisions"}],"wp:featuredmedia":[{"embeddable":true,"href":"https:\/\/plazajuarez.mx\/historico\/wp-json\/wp\/v2\/media\/276829"}],"wp:attachment":[{"href":"https:\/\/plazajuarez.mx\/historico\/wp-json\/wp\/v2\/media?parent=276820"}],"wp:term":[{"taxonomy":"category","embeddable":true,"href":"https:\/\/plazajuarez.mx\/historico\/wp-json\/wp\/v2\/categories?post=276820"},{"taxonomy":"post_tag","embeddable":true,"href":"https:\/\/plazajuarez.mx\/historico\/wp-json\/wp\/v2\/tags?post=276820"}],"curies":[{"name":"wp","href":"https:\/\/api.w.org\/{rel}","templated":true}]}}