{"id":276814,"date":"2023-08-21T07:26:45","date_gmt":"2023-08-21T13:26:45","guid":{"rendered":"https:\/\/plazajuarez.mx\/?p=276814"},"modified":"2023-08-21T07:26:46","modified_gmt":"2023-08-21T13:26:46","slug":"sin-riesgo-a-la-poblacion-caudal-del-rio-tula","status":"publish","type":"post","link":"https:\/\/plazajuarez.mx\/historico\/sin-riesgo-a-la-poblacion-caudal-del-rio-tula\/","title":{"rendered":"Sin riesgo a la poblaci\u00f3n caudal del R\u00edo Tula"},"content":{"rendered":"\n<p>De acuerdo con la Subsecretar\u00eda de Protecci\u00f3n Civil y Gesti\u00f3n de Riesgos del Gobierno del Estado, el Comit\u00e9 Municipal de Emergencias est\u00e1 en sesi\u00f3n permanente debido al incremento en los niveles del R\u00edo Tula.&nbsp;<\/p>\n\n\n\n<p>Con base en el \u00faltimo reporte realizado a las 00:30 horas del 20 de agosto, el caudal se encuentra en 165.9 metros c\u00fabicos por segundo, por lo que se encuentra en alerta amarilla, sin riesgo a la poblaci\u00f3n.<\/p>\n\n\n\n<p>En ese sentido, seg\u00fan las instancias de protecci\u00f3n civil municipal&nbsp; y estatal, la expectativa es que se mantenga el nivel constante que tiene hasta el momento.<\/p>\n\n\n\n<p>Por lo anterior, se est\u00e1n realizando acciones de monitoreo constante en las inmediaciones del R\u00edo Tula, as\u00ed como recorrido de aguas antes del puente Metlac, en las colonias San Marcos, San Lorenzo y Dengue, adem\u00e1s del Rancho Chapultepec y pueblo; as\u00ed como el retiro de atagu\u00edas (elementos, generalmente temporales, que se usan para encauzar flujos de agua) a cargo de la empresa encargada de las obras.<\/p>\n\n\n\n<p>En tanto el C5i monitorea c\u00e1maras cada hora en puntos clave como: Cruz Azul, San Marcos y los puentes Metlac, Puente Zaragoza, 5 de Mayo y 3 Culturas.<\/p>\n\n\n\n<p>Para el monitoreo, recorridos y acciones trabajan de manera coordinada la Subsecretar\u00eda de Protecci\u00f3n Civil y Gesti\u00f3n de Riesgos, CONAGUA, SEDENA, las Secretar\u00edas de Seguridad P\u00fablica estatal y municipal, Bomberos, Guardia Nacional, Protecci\u00f3n Civil municipal, Cruz Roja y C5i.<\/p>\n\n\n\n<p>El exhorto es mantenerse informados por canales de comunicaci\u00f3n oficiales, para evitar rumores y desinformaci\u00f3n.<\/p>\n","protected":false},"excerpt":{"rendered":"<p>De acuerdo con la Subsecretar\u00eda de Protecci\u00f3n Civil y Gesti\u00f3n de Riesgos del Gobierno del Estado, el Comit\u00e9 Municipal de Emergencias est\u00e1 en sesi\u00f3n permanente debido al incremento en los niveles del R\u00edo Tula.&nbsp; Con base en el \u00faltimo reporte realizado a las 00:30 horas del 20 de agosto, el caudal se encuentra en 165.9 [&hellip;]<\/p>\n","protected":false},"author":73,"featured_media":276818,"comment_status":"closed","ping_status":"closed","sticky":false,"template":"","format":"standard","meta":{"footnotes":""},"categories":[15,59],"tags":[],"class_list":["post-276814","post","type-post","status-publish","format-standard","has-post-thumbnail","hentry","category-destacadas","category-general"],"_links":{"self":[{"href":"https:\/\/plazajuarez.mx\/historico\/wp-json\/wp\/v2\/posts\/276814","targetHints":{"allow":["GET"]}}],"collection":[{"href":"https:\/\/plazajuarez.mx\/historico\/wp-json\/wp\/v2\/posts"}],"about":[{"href":"https:\/\/plazajuarez.mx\/historico\/wp-json\/wp\/v2\/types\/post"}],"author":[{"embeddable":true,"href":"https:\/\/plazajuarez.mx\/historico\/wp-json\/wp\/v2\/users\/73"}],"replies":[{"embeddable":true,"href":"https:\/\/plazajuarez.mx\/historico\/wp-json\/wp\/v2\/comments?post=276814"}],"version-history":[{"count":0,"href":"https:\/\/plazajuarez.mx\/historico\/wp-json\/wp\/v2\/posts\/276814\/revisions"}],"wp:featuredmedia":[{"embeddable":true,"href":"https:\/\/plazajuarez.mx\/historico\/wp-json\/wp\/v2\/media\/276818"}],"wp:attachment":[{"href":"https:\/\/plazajuarez.mx\/historico\/wp-json\/wp\/v2\/media?parent=276814"}],"wp:term":[{"taxonomy":"category","embeddable":true,"href":"https:\/\/plazajuarez.mx\/historico\/wp-json\/wp\/v2\/categories?post=276814"},{"taxonomy":"post_tag","embeddable":true,"href":"https:\/\/plazajuarez.mx\/historico\/wp-json\/wp\/v2\/tags?post=276814"}],"curies":[{"name":"wp","href":"https:\/\/api.w.org\/{rel}","templated":true}]}}