{"id":276813,"date":"2023-08-21T07:26:02","date_gmt":"2023-08-21T13:26:02","guid":{"rendered":"https:\/\/plazajuarez.mx\/?p=276813"},"modified":"2023-08-21T07:26:04","modified_gmt":"2023-08-21T13:26:04","slug":"extienden-campana-de-reciclaje-utiles-siendo-utiles","status":"publish","type":"post","link":"https:\/\/plazajuarez.mx\/historico\/extienden-campana-de-reciclaje-utiles-siendo-utiles\/","title":{"rendered":"Extienden campa\u00f1a de reciclaje \u201c\u00datiles siendo \u00fatiles\u201d"},"content":{"rendered":"\n<p>A trav\u00e9s de sus redes sociales oficiales, la Secretar\u00eda de Medio Ambiente y Recursos Naturales de Hidalgo (SEMARNATH), inform\u00f3 la ampliaci\u00f3n de la campa\u00f1a de acopio y reciclaje de \u00fatiles escolares.<\/p>\n\n\n\n<p>De acuerdo con la dependencia, alargar el plazo hasta el 31 de agosto obedece al \u00e9xito obtenido de la estrategia \u201c\u00datiles siendo \u00fatiles\u201d, que inici\u00f3 el primer d\u00eda del mes y est\u00e1 planeado terminar el pasado 18.<\/p>\n\n\n\n<p>Por lo anterior, la dependencia ambiental reiter\u00f3 el llamado a la poblaci\u00f3n a seguir participando en esta campa\u00f1a de acopio y reciclaje de papel, libros y libretas, acudiendo al Parque Ecol\u00f3gico de Cubitos (PEC).<\/p>\n\n\n\n<p>Tambi\u00e9n exhortan a la poblaci\u00f3n que el material no est\u00e9 h\u00famedo ni engrapado; y llevarlo en un horario de 8:30 a 16:00 horas, de lunes a domingo, en la velaria del Parque.<\/p>\n","protected":false},"excerpt":{"rendered":"<p>A trav\u00e9s de sus redes sociales oficiales, la Secretar\u00eda de Medio Ambiente y Recursos Naturales de Hidalgo (SEMARNATH), inform\u00f3 la ampliaci\u00f3n de la campa\u00f1a de acopio y reciclaje de \u00fatiles escolares. De acuerdo con la dependencia, alargar el plazo hasta el 31 de agosto obedece al \u00e9xito obtenido de la estrategia \u201c\u00datiles siendo \u00fatiles\u201d, que [&hellip;]<\/p>\n","protected":false},"author":73,"featured_media":276816,"comment_status":"closed","ping_status":"closed","sticky":false,"template":"","format":"standard","meta":{"footnotes":""},"categories":[15,59],"tags":[],"class_list":["post-276813","post","type-post","status-publish","format-standard","has-post-thumbnail","hentry","category-destacadas","category-general"],"_links":{"self":[{"href":"https:\/\/plazajuarez.mx\/historico\/wp-json\/wp\/v2\/posts\/276813","targetHints":{"allow":["GET"]}}],"collection":[{"href":"https:\/\/plazajuarez.mx\/historico\/wp-json\/wp\/v2\/posts"}],"about":[{"href":"https:\/\/plazajuarez.mx\/historico\/wp-json\/wp\/v2\/types\/post"}],"author":[{"embeddable":true,"href":"https:\/\/plazajuarez.mx\/historico\/wp-json\/wp\/v2\/users\/73"}],"replies":[{"embeddable":true,"href":"https:\/\/plazajuarez.mx\/historico\/wp-json\/wp\/v2\/comments?post=276813"}],"version-history":[{"count":0,"href":"https:\/\/plazajuarez.mx\/historico\/wp-json\/wp\/v2\/posts\/276813\/revisions"}],"wp:featuredmedia":[{"embeddable":true,"href":"https:\/\/plazajuarez.mx\/historico\/wp-json\/wp\/v2\/media\/276816"}],"wp:attachment":[{"href":"https:\/\/plazajuarez.mx\/historico\/wp-json\/wp\/v2\/media?parent=276813"}],"wp:term":[{"taxonomy":"category","embeddable":true,"href":"https:\/\/plazajuarez.mx\/historico\/wp-json\/wp\/v2\/categories?post=276813"},{"taxonomy":"post_tag","embeddable":true,"href":"https:\/\/plazajuarez.mx\/historico\/wp-json\/wp\/v2\/tags?post=276813"}],"curies":[{"name":"wp","href":"https:\/\/api.w.org\/{rel}","templated":true}]}}