{"id":276809,"date":"2023-08-21T06:19:47","date_gmt":"2023-08-21T12:19:47","guid":{"rendered":"https:\/\/plazajuarez.mx\/?p=276809"},"modified":"2023-08-21T06:19:53","modified_gmt":"2023-08-21T12:19:53","slug":"trilogia","status":"publish","type":"post","link":"https:\/\/plazajuarez.mx\/historico\/trilogia\/","title":{"rendered":"TRILOG\u00cdA"},"content":{"rendered":"\n<h2 class=\"wp-block-heading\"><em>FAMILIA POL\u00cdTICA<\/em><\/h2>\n\n\n\n<p>\u201cNo hay hermosas superficies,sin terribles profundidades\u201d<\/p>\n\n\n\n<p>Nietzsche.<\/p>\n\n\n\n<p>D\u00edgase lo que se diga, independientemente de la opini\u00f3n que el com\u00fan de las personas tengan de Nicol\u00e1s Maquiavelo, a quien la fama de su nombre trasciende como sin\u00f3nimo de malvado, intrigante, perverso y muchos adjetivos m\u00e1s, que son elementos para integrar una corriente filos\u00f3fica y pol\u00edtica conocida como \u201c<em>Maquiavelismo<\/em>\u201d, la cual jam\u00e1s fue conocida y mucho menos suscrita por su supuesto creador. Este personaje florentino es el arquetipo del pol\u00edtico desempleado que busca congraciarse con sus protectores para reivindicarse y buscar la sombra protectora de la administraci\u00f3n p\u00fablica, bajo la influencia de la familia M\u00e9dicis, en pleno Renacimiento europeo.<\/p>\n\n\n\n<p>La lectura de <em>El Pr\u00edncipe <\/em>trasciende fronteras: tiempos y espacios han ca\u00eddo por la fuerza de las ideas maquiavelianas. Para ello, contribuye la manera did\u00e1ctica de sus contenidos y la fuerza cruda y directa de sus mensajes. El mundo de nuestro tiempo reconoce con claridad el concepto de la conquista del poder por medio de la pol\u00edtica. Mediante una serie de consejos buscaba llegar a la conciencia de \u201cEl Pr\u00edncipe\u201d para ilustrar, por ejemplo, que al poder, en una rep\u00fablica democr\u00e1tica, se puede acceder por dos medios: el voto ciudadano o la fuerza de las armas. Tan importante como obtenerlo, es preservarlo, para lo cual, el Maestro menciona las met\u00e1foras de la zorra y el le\u00f3n\u2026 el estudio de lo que ser\u00eda preferible en un gobernante, cuya pretensi\u00f3n es mantenerse en su posici\u00f3n: ser amado o ser temido; desde luego que la conclusi\u00f3n es ser amado, pero en caso de confrontaci\u00f3n de ambas posibilidades, sin duda el poderoso debe elegir ser temido; esto es, el poder tiene que preservarse mediante el uso de la energ\u00eda, ya sea esta brutal, prudente y calculadora, sin sujetarse a las normas de la moral ordinaria; el poder debe mantenerse a cualquier costo. Es el objetivo esencial de La Pol\u00edtica; ciencia que se ubica al margen de toda consideraci\u00f3n moral. De lo anterior se concluye que esta ciencia no es moral, tampoco inmoral, sino totalmente AMORAL.<\/p>\n\n\n\n<p>Otros dos estudiosos de la pol\u00edtica llaman la atenci\u00f3n en estos tiempos: Max Weber y Sigmund Freud.&nbsp;<\/p>\n\n\n\n<p>El alem\u00e1n (Weber), \u00faltimamente es conocido por su concepto <em>\u00c9tica de la Responsabilidad<\/em>, la cual debe normar la actitud de los servidores p\u00fablicos.<\/p>\n\n\n\n<p>Este autor defin\u00eda el poder como la probabilidad de imponer la propia voluntad dentro de una relaci\u00f3n social. Se diferencia de otras fuerzas similares, como la dominaci\u00f3n y la autoridad que se ejercen sobre los pueblos sin su consenso. El poder carece de sustancia, es amorfo por definici\u00f3n, proviene normalmente de actos de violencia: \u00fanica manera de tener \u00e9xito en una aplicaci\u00f3n leg\u00edtima que puede ser directa, indirecta o subliminal.<\/p>\n\n\n\n<p><em>Econom\u00eda y Sociedad<\/em> es el libro m\u00e1s conocido de Max Weber; su tesis sociol\u00f3gica m\u00e1s importante se ubica en sus p\u00e1ginas. Es, en la actualidad, uno de sus estudios m\u00e1s le\u00eddos en materia de ciencia pol\u00edtica, la <em>\u00c9tica de la Responsabilidad<\/em> fue y es innovador; pretendi\u00f3 quitar a la pol\u00edtica el estigma de que la \u00e9tica no tiene nada que ver con sus actos conductuales. Weber cre\u00f3 el concepto para normar las acciones de los servidores p\u00fablicos en el mundo extrajur\u00eddico.<\/p>\n\n\n\n<p>Para completar la trilog\u00eda, mencionar\u00e9 al austriaco Sigmund Freud, m\u00e1s conocido en el mundo de la ciencia por sus aportaciones a la psicolog\u00eda.<\/p>\n\n\n\n<p>Se le considera creador de <em>El Psicoan\u00e1lisis<\/em>, t\u00e9cnica terap\u00e9utica que consiste en la introspecci\u00f3n del paciente en sus propios subconsciente e inconsciente, para identificar las causas probables de las patolog\u00edas conductuales, las cuales est\u00e1n siempre fuera de la conciencia.<\/p>\n\n\n\n<p>Freud escribi\u00f3 libros con temas diversos destinados a estudiar diferentes fen\u00f3menos, como: <em>\u201cLa interpretaci\u00f3n de los sue\u00f1os\u201d, \u201c\u00c9tica y Psicoan\u00e1lisis\u201d, \u201cEstudios sobre la histeria\u201d, \u201cPsicopatolog\u00eda de la vida cotidiana\u201d, \u201cTres ensayos de teor\u00eda sexual\u201d, \u201cT\u00f3tem y Tab\u00fa\u201d, \u201cIntroducci\u00f3n del narcisismo\u201d, \u201cIntroducci\u00f3n al psicoan\u00e1lisis\u201d \u201cM\u00e1s all\u00e1 del principio, del placer\u201d<\/em>.<\/p>\n\n\n\n<p>El pensamiento freudiano se relaciona con la pol\u00edtica, por su afirmaci\u00f3n universal de que la fuente que impulsa al ser humano a la b\u00fasqueda del poder, es de naturaleza eminentemente sexual: <em>La Libido<\/em>. De esta afirmaci\u00f3n se desprende pr\u00e1cticamente toda la estructura freudiana, la cual llega hasta nuestros d\u00edas.<\/p>\n\n\n\n<p>Distintas universidades en el mundo, a\u00fan tienen como base de sus planes y programas de estudios, las premisas del psicoan\u00e1lisis, aunque el cambio ya se advierte por el lado de una corriente denominada \u201c<em>Conductismo<\/em>\u201d, a la cual no le importan los or\u00edgenes de la enfermedad, sino su curaci\u00f3n.<\/p>\n\n\n\n<p>As\u00ed, independientemente de las maneras de pensar en las diferentes \u00e9pocas, es importante entender hacia d\u00f3nde vamos: \u00bfCu\u00e1l es el arquetipo de mexicano que nuestro sistema educativo debe formar? \u00bfSigue el pensamiento psicoanal\u00edtico normando nuestra conceptualizaci\u00f3n racional del mundo y sus fen\u00f3menos? \u00bfHacia d\u00f3nde debemos poner la br\u00fajula de la educaci\u00f3n de nuestros ni\u00f1os y j\u00f3venes, para no permitir que nuestra Patria se pierda en el abismo terrible de la indefinici\u00f3n y la p\u00e9rdida del rumbo?<\/p>\n\n\n\n<p>Hay que recordar la frase \u201c<em>No hay viento favorable sin puerto de destino<\/em>\u201d y que los libros pueden se\u00f1alar un destino incierto si no se imprime en ellos el preclaro pensamiento de los mejores pedagogos y maestros de la Patria. As\u00ed, sin sesgos, sin ideolog\u00edas pasadas de moda, sin afanes ni desmesuras de perpetuidad en un poder que tiene que normarse por la voluntad del pueblo soberano.<\/p>\n","protected":false},"excerpt":{"rendered":"<p>FAMILIA POL\u00cdTICA \u201cNo hay hermosas superficies,sin terribles profundidades\u201d Nietzsche. D\u00edgase lo que se diga, independientemente de la opini\u00f3n que el com\u00fan de las personas tengan de Nicol\u00e1s Maquiavelo, a quien la fama de su nombre trasciende como sin\u00f3nimo de malvado, intrigante, perverso y muchos adjetivos m\u00e1s, que son elementos para integrar una corriente filos\u00f3fica y [&hellip;]<\/p>\n","protected":false},"author":89,"featured_media":241781,"comment_status":"closed","ping_status":"closed","sticky":false,"template":"","format":"standard","meta":{"footnotes":""},"categories":[42,50],"tags":[],"class_list":["post-276809","post","type-post","status-publish","format-standard","has-post-thumbnail","hentry","category-nuestrapalabra","category-prisciliano-gutierrez"],"_links":{"self":[{"href":"https:\/\/plazajuarez.mx\/historico\/wp-json\/wp\/v2\/posts\/276809","targetHints":{"allow":["GET"]}}],"collection":[{"href":"https:\/\/plazajuarez.mx\/historico\/wp-json\/wp\/v2\/posts"}],"about":[{"href":"https:\/\/plazajuarez.mx\/historico\/wp-json\/wp\/v2\/types\/post"}],"author":[{"embeddable":true,"href":"https:\/\/plazajuarez.mx\/historico\/wp-json\/wp\/v2\/users\/89"}],"replies":[{"embeddable":true,"href":"https:\/\/plazajuarez.mx\/historico\/wp-json\/wp\/v2\/comments?post=276809"}],"version-history":[{"count":0,"href":"https:\/\/plazajuarez.mx\/historico\/wp-json\/wp\/v2\/posts\/276809\/revisions"}],"wp:featuredmedia":[{"embeddable":true,"href":"https:\/\/plazajuarez.mx\/historico\/wp-json\/wp\/v2\/media\/241781"}],"wp:attachment":[{"href":"https:\/\/plazajuarez.mx\/historico\/wp-json\/wp\/v2\/media?parent=276809"}],"wp:term":[{"taxonomy":"category","embeddable":true,"href":"https:\/\/plazajuarez.mx\/historico\/wp-json\/wp\/v2\/categories?post=276809"},{"taxonomy":"post_tag","embeddable":true,"href":"https:\/\/plazajuarez.mx\/historico\/wp-json\/wp\/v2\/tags?post=276809"}],"curies":[{"name":"wp","href":"https:\/\/api.w.org\/{rel}","templated":true}]}}