{"id":27677,"date":"2016-09-01T14:24:32","date_gmt":"2016-09-01T14:24:32","guid":{"rendered":"http:\/\/plazajuarez.mx\/index\/index.php\/2016\/09\/01\/recorta-banco-de-mexico-pronostico-del-pib\/"},"modified":"2016-09-01T14:24:32","modified_gmt":"2016-09-01T14:24:32","slug":"recorta-banco-de-mexico-pronostico-del-pib","status":"publish","type":"post","link":"https:\/\/plazajuarez.mx\/historico\/recorta-banco-de-mexico-pronostico-del-pib\/","title":{"rendered":"Recorta Banco de M\u00e9xico pron\u00f3stico del PIB"},"content":{"rendered":"<p>Crecer\u00e1 entre 1.7 y 2.5 por ciento<\/p>\n<p>\u2022\u00a0\u00a0\u00a0 Hace apenas tres meses se vaticinaba hasta un tres por ciento de crecimiento<\/p>\n<p>  <!--more-->  <\/p>\n<p>La econom\u00eda mexicana crecer\u00e1 este a\u00f1o menos de lo previsto hace apenas tres meses. El producto interno bruto (PIB) repuntar\u00e1 este a\u00f1o entre 1.7 y 2.5 por ciento, un rango menor al calculado en mayo, que era de 2.0 a 3.0 por ciento, anticip\u00f3 ayer Agust\u00edn Carstens, gobernador del Banco de M\u00e9xico.<br \/>El entorno externo se ha complicado, en un momento en que para el gobierno federal &#8220;es impostergable&#8221; reducir el d\u00e9ficit y la deuda p\u00fablicos, dijo, no s\u00f3lo para contar con finanzas p\u00fablicas sanas, sino para liberar presiones sobre las cuentas externas del pa\u00eds.<br \/>La desaceleraci\u00f3n de la econom\u00eda ya se anticipaba desde hace un trimestre. Sin embargo, la p\u00e9rdida de din\u00e1mica de la actividad productiva &#8220;fue m\u00e1s pronunciada de lo previsto&#8221;, de acuerdo con el Informe trimestral del banco central, presentado ayer por el gobernador Carstens.<\/p>\n","protected":false},"excerpt":{"rendered":"<p>Crecer\u00e1 entre 1.7 y 2.5 por ciento \u2022\u00a0\u00a0\u00a0 Hace apenas tres meses se vaticinaba hasta un tres por ciento de crecimiento<\/p>\n","protected":false},"author":93,"featured_media":0,"comment_status":"open","ping_status":"open","sticky":false,"template":"","format":"standard","meta":{"footnotes":""},"categories":[36],"tags":[],"class_list":["post-27677","post","type-post","status-publish","format-standard","hentry","category-nacion"],"_links":{"self":[{"href":"https:\/\/plazajuarez.mx\/historico\/wp-json\/wp\/v2\/posts\/27677","targetHints":{"allow":["GET"]}}],"collection":[{"href":"https:\/\/plazajuarez.mx\/historico\/wp-json\/wp\/v2\/posts"}],"about":[{"href":"https:\/\/plazajuarez.mx\/historico\/wp-json\/wp\/v2\/types\/post"}],"author":[{"embeddable":true,"href":"https:\/\/plazajuarez.mx\/historico\/wp-json\/wp\/v2\/users\/93"}],"replies":[{"embeddable":true,"href":"https:\/\/plazajuarez.mx\/historico\/wp-json\/wp\/v2\/comments?post=27677"}],"version-history":[{"count":0,"href":"https:\/\/plazajuarez.mx\/historico\/wp-json\/wp\/v2\/posts\/27677\/revisions"}],"wp:attachment":[{"href":"https:\/\/plazajuarez.mx\/historico\/wp-json\/wp\/v2\/media?parent=27677"}],"wp:term":[{"taxonomy":"category","embeddable":true,"href":"https:\/\/plazajuarez.mx\/historico\/wp-json\/wp\/v2\/categories?post=27677"},{"taxonomy":"post_tag","embeddable":true,"href":"https:\/\/plazajuarez.mx\/historico\/wp-json\/wp\/v2\/tags?post=27677"}],"curies":[{"name":"wp","href":"https:\/\/api.w.org\/{rel}","templated":true}]}}