{"id":27676,"date":"2016-09-01T14:24:10","date_gmt":"2016-09-01T14:24:10","guid":{"rendered":"http:\/\/plazajuarez.mx\/index\/index.php\/2016\/09\/01\/cnte-bloquea-carretera-morelia-patzcuaro\/"},"modified":"2016-09-01T14:24:10","modified_gmt":"2016-09-01T14:24:10","slug":"cnte-bloquea-carretera-morelia-patzcuaro","status":"publish","type":"post","link":"https:\/\/plazajuarez.mx\/historico\/cnte-bloquea-carretera-morelia-patzcuaro\/","title":{"rendered":"CNTE bloquea carretera Morelia-P\u00e1tzcuaro"},"content":{"rendered":"<p>Aproximadamente 300 maestros de la CNTE bloquearon la carretera que comunica la capital michoacana con P\u00e1tzcuaro, a la altura del kil\u00f3metro 13, donde se ubica la localidad de la Estancia, y s\u00f3lo permiten el paso a veh\u00edculos particulares y ambulancia, pero no a camiones de carga.<\/p>\n<p>  <!--more-->  <\/p>\n<p>Los maestros mantienen tomadas las casetas de peaje de Santa Casilda, de la autopista P\u00e1tzcuaro-L\u00e1zaro C\u00e1rdenas, as\u00ed como la de Panind\u00edcuaro, de la M\u00e9xico-Guadalajara, donde permiten el paso gratuito a los veh\u00edculos particulares.<br \/>Tambi\u00e9n ten\u00edan prevista una manifestaci\u00f3n contra la reforma educativa y las medidas que ha tomado el gobierno federal en cuanto a descuentos y despidos a los mentores que participan en este movimiento de protesta.<\/p>\n","protected":false},"excerpt":{"rendered":"<p>Aproximadamente 300 maestros de la CNTE bloquearon la carretera que comunica la capital michoacana con P\u00e1tzcuaro, a la altura del kil\u00f3metro 13, donde se ubica la localidad de la Estancia, y s\u00f3lo permiten el paso a veh\u00edculos particulares y ambulancia, pero no a camiones de carga.<\/p>\n","protected":false},"author":93,"featured_media":0,"comment_status":"open","ping_status":"open","sticky":false,"template":"","format":"standard","meta":{"footnotes":""},"categories":[36],"tags":[],"class_list":["post-27676","post","type-post","status-publish","format-standard","hentry","category-nacion"],"_links":{"self":[{"href":"https:\/\/plazajuarez.mx\/historico\/wp-json\/wp\/v2\/posts\/27676","targetHints":{"allow":["GET"]}}],"collection":[{"href":"https:\/\/plazajuarez.mx\/historico\/wp-json\/wp\/v2\/posts"}],"about":[{"href":"https:\/\/plazajuarez.mx\/historico\/wp-json\/wp\/v2\/types\/post"}],"author":[{"embeddable":true,"href":"https:\/\/plazajuarez.mx\/historico\/wp-json\/wp\/v2\/users\/93"}],"replies":[{"embeddable":true,"href":"https:\/\/plazajuarez.mx\/historico\/wp-json\/wp\/v2\/comments?post=27676"}],"version-history":[{"count":0,"href":"https:\/\/plazajuarez.mx\/historico\/wp-json\/wp\/v2\/posts\/27676\/revisions"}],"wp:attachment":[{"href":"https:\/\/plazajuarez.mx\/historico\/wp-json\/wp\/v2\/media?parent=27676"}],"wp:term":[{"taxonomy":"category","embeddable":true,"href":"https:\/\/plazajuarez.mx\/historico\/wp-json\/wp\/v2\/categories?post=27676"},{"taxonomy":"post_tag","embeddable":true,"href":"https:\/\/plazajuarez.mx\/historico\/wp-json\/wp\/v2\/tags?post=27676"}],"curies":[{"name":"wp","href":"https:\/\/api.w.org\/{rel}","templated":true}]}}